{"id":39263,"date":"2023-04-28T08:19:00","date_gmt":"2023-04-28T11:19:00","guid":{"rendered":"https:\/\/www.radiopresidenteibanez.cl\/web\/?p=39263"},"modified":"2023-04-28T08:17:03","modified_gmt":"2023-04-28T11:17:03","slug":"gobierno-regional-reconoce-a-destacado-fotografo-de-la-prensa-austral-y-el-magallanes-jose-villarroel","status":"publish","type":"post","link":"https:\/\/www.radiopresidenteibanez.cl\/web\/gobierno-regional-reconoce-a-destacado-fotografo-de-la-prensa-austral-y-el-magallanes-jose-villarroel\/","title":{"rendered":"GOBIERNO REGIONAL RECONOCE A DESTACADO FOTOGRAFO DE LA PRENSA AUSTRAL Y EL MAGALLANES JOSE VILLARROEL"},"content":{"rendered":"\n<p>Con apenas 19 a\u00f1os lleg\u00f3 a Punta Arenas, regi\u00f3n de Magallanes, en busca de<br>oportunidades, oportunidades que llegar\u00edan de la mano de la fotograf\u00eda.<br>En la que \u00e9l declara \u201cno sab\u00eda nada\u201d, pero cuando el talento y sacrificio van de la<br>mano resultan grandes trabajos que lo tuvieron cumpliendo labores por m\u00e1s de 45<br>a\u00f1os en El Magallanes y La Prensa Austral retratando y siendo parte de la historia<br>de la regi\u00f3n de Magallanes y de la Ant\u00e1rtica Chilena.<br>Todo comenz\u00f3 en agosto de 1973, siendo ayudante de fotograf\u00eda. Tras el Golpe<br>de Estado, dicho medio de comunicaci\u00f3n fue clausurado y reabri\u00f3 en enero de<\/p>\n\n\n\n<ol class=\"wp-block-list\" start=\"1974\">\n<li>Desde entonces hasta 1976, realiz\u00f3 labores de reportero gr\u00e1fico.<br>En abril del 78\u00b4, inici\u00f3 su trabajo en La Prensa Austral, donde, en 1981, asumi\u00f3<br>como Jefe de Fotograf\u00eda, cargo que ha desempe\u00f1ado hasta nuestros d\u00edas.<br>Este viernes se jubila Jos\u00e9 Villarroel Gonz\u00e1lez, hist\u00f3rico y reconocido fot\u00f3grafo,<br>que d\u00eda a d\u00eda, por medio siglo, con sol, lluvia o nieve recorr\u00eda las calles de Punta<br>Arenas en busca de la noticia y la mejor imagen que hoy son parte de la historia<br>gr\u00e1fica de la regi\u00f3n.<br>Tiene a su haber numerosas primicias de fotograf\u00eda de hechos hist\u00f3ricos y<br>accidentes, entre ellos destaca \u201cel golpe fotogr\u00e1fico\u201d del accidente del avi\u00f3n Lan<br>que ocurri\u00f3 en Puerto Williams el 19 de febrero de 1991. La nave transportaba 76<br>pasajeros, y termin\u00f3 sumergida en las aguas del canal Beagle, muriendo 20<br>personas. Esta fotograf\u00eda fue portada de varios diarios nacionales y del mundo.<br>Es por esto, que hoy, a modo de homenaje, se le entreg\u00f3 un reconocimiento en el<br>Gobierno Regional por su destacada y amplia trayectoria.<br>Desde el GORE Magallanes le agrademos por su gran trabajo en la prensa escrita<br>y le deseamos lo mejor en su porvenir junto a su esposa Rosa S\u00e1nchez Telles,<br>sus dos hijos y cuatro nietos.<\/li>\n<\/ol>\n","protected":false},"excerpt":{"rendered":"<p>Con apenas 19 a\u00f1os lleg\u00f3 a Punta Arenas, regi\u00f3n de Magallanes, en busca deoportunidades, oportunidades que llegar\u00edan de la mano de la fotograf\u00eda.En la que \u00e9l declara \u201cno sab\u00eda nada\u201d,&#8230; <a class=\"read-more\" href=\"https:\/\/www.radiopresidenteibanez.cl\/web\/gobierno-regional-reconoce-a-destacado-fotografo-de-la-prensa-austral-y-el-magallanes-jose-villarroel\/\">Leer m\u00e1s<\/a><\/p>\n","protected":false},"author":2,"featured_media":39264,"comment_status":"closed","ping_status":"closed","sticky":false,"template":"","format":"standard","meta":{"footnotes":""},"categories":[1],"tags":[],"class_list":["post-39263","post","type-post","status-publish","format-standard","has-post-thumbnail","hentry","category-cronica"],"_links":{"self":[{"href":"https:\/\/www.radiopresidenteibanez.cl\/web\/wp-json\/wp\/v2\/posts\/39263","targetHints":{"allow":["GET"]}}],"collection":[{"href":"https:\/\/www.radiopresidenteibanez.cl\/web\/wp-json\/wp\/v2\/posts"}],"about":[{"href":"https:\/\/www.radiopresidenteibanez.cl\/web\/wp-json\/wp\/v2\/types\/post"}],"author":[{"embeddable":true,"href":"https:\/\/www.radiopresidenteibanez.cl\/web\/wp-json\/wp\/v2\/users\/2"}],"replies":[{"embeddable":true,"href":"https:\/\/www.radiopresidenteibanez.cl\/web\/wp-json\/wp\/v2\/comments?post=39263"}],"version-history":[{"count":0,"href":"https:\/\/www.radiopresidenteibanez.cl\/web\/wp-json\/wp\/v2\/posts\/39263\/revisions"}],"wp:featuredmedia":[{"embeddable":true,"href":"https:\/\/www.radiopresidenteibanez.cl\/web\/wp-json\/wp\/v2\/media\/39264"}],"wp:attachment":[{"href":"https:\/\/www.radiopresidenteibanez.cl\/web\/wp-json\/wp\/v2\/media?parent=39263"}],"wp:term":[{"taxonomy":"category","embeddable":true,"href":"https:\/\/www.radiopresidenteibanez.cl\/web\/wp-json\/wp\/v2\/categories?post=39263"},{"taxonomy":"post_tag","embeddable":true,"href":"https:\/\/www.radiopresidenteibanez.cl\/web\/wp-json\/wp\/v2\/tags?post=39263"}],"curies":[{"name":"wp","href":"https:\/\/api.w.org\/{rel}","templated":true}]}}