{"id":39258,"date":"2023-04-27T18:39:00","date_gmt":"2023-04-27T21:39:00","guid":{"rendered":"https:\/\/www.radiopresidenteibanez.cl\/web\/?p=39258"},"modified":"2023-04-27T16:17:44","modified_gmt":"2023-04-27T19:17:44","slug":"dos-mil-dosis-de-vacuna-contra-influenza-ha-administrado-punto-devacunacion-en-zonaustral-en-su-primera-semana-de-funcionamiento","status":"publish","type":"post","link":"https:\/\/www.radiopresidenteibanez.cl\/web\/dos-mil-dosis-de-vacuna-contra-influenza-ha-administrado-punto-devacunacion-en-zonaustral-en-su-primera-semana-de-funcionamiento\/","title":{"rendered":"DOS MIL DOSIS DE VACUNA CONTRA INFLUENZA HA ADMINISTRADO PUNTO DEVACUNACI\u00d3N EN ZONAUSTRAL EN SU PRIMERA SEMANA DE FUNCIONAMIENTO"},"content":{"rendered":"\n<p>En un esfuerzo en conjunto del \u00c1rea de Salud de Cormupa, Seremi de Salud y Servicio de Salud<br>Magallanes, con apoyo del IST y Zonaustral, hace una semana retom\u00f3 su funcionamiento el<br>punto de vacunaci\u00f3n ubicado en el sector Bulevar del recinto franco.<br>De esta forma, dicho punto se reabri\u00f3 con la finalidad de entregar una alternativa a la<br>poblaci\u00f3n, especialmente trabajadora, en un horario distinto a los centros de salud. Es as\u00ed<br>como la comunidad puede acceder a las vacunas contra la Influenza y a Bivalente contra<br>Covid-19, de lunes a viernes desde las 14.30 a las 20.00 horas.<br>La encargada Regional del Programa Nacional de Inmunizaciones (PNI) de la Seremi de Salud,<br>Janet Vrsalovic, explic\u00f3 que \u201cel punto del Zonaustral comenz\u00f3 hace una semana y valoramos<br>la gran respuesta que ha tenido la comunidad. Llevamos alrededor de 2.000 dosis<br>administradas de vacuna contra la influenza y m\u00e1s de 500 dosis de vacuna bivalente contra<br>Covid-19. Felicitamos a las personas que han asistido a este lugar y realizamos un llamado a la<br>comunidad para que acuda a este punto a participar de este importante proceso, y as\u00ed<br>prepararnos para el invierno\u201d.<br>En la actualidad el Ministerio de Salud desarrolla la Campa\u00f1a contra la Influenza, que se inici\u00f3<br>en marzo pasado, la cual busca proteger a diversos grupos de riesgo contra esta enfermedad,<br>especialmente adultos mayores, ni\u00f1os y ni\u00f1as.<br>La Influenza es una enfermedad contagiosa, que se transmite por v\u00eda a\u00e9rea, al hablar, toser o<br>estornudar, que puede provocar casos graves que requieran de hospitalizaci\u00f3n. Cuando una<br>persona se vacuna, se protege a s\u00ed misma, pero tambi\u00e9n protege a su familia y su entorno.<br>A su vez, se contin\u00faa con la vacunaci\u00f3n contra el coronavirus a trav\u00e9s de la administraci\u00f3n de<br>la dosis bivalente que protege contra la cepa Wuhan (origen de la pandemia por COVID-19) y<br>\u00d3micron, que es actualmente la de circulaci\u00f3n predominante.<br>El Ministerio de Salud inform\u00f3 que, a partir de este mi\u00e9rcoles 26 de abril, en el caso del<br>esquema primario contra Covid-19, se incorpora el grupo etario de ni\u00f1os entre 6 meses y tres<br>a\u00f1os de edad. Adem\u00e1s, en el caso de la vacuna bivalente contra Covid-19, se ampl\u00eda el grupo<br>objetivo para los mayores de 12 a\u00f1os.<br>El mensaje que entregan las autoridades de salud es a acudir a los diversos puntos de<br>vacunaci\u00f3n para participar en los procesos de vacunaci\u00f3n contra influenza y Covid-19,<\/p>\n\n\n\n<p>sum\u00e1ndose a la campa\u00f1a Vac\u00fanate con la Dupla, para as\u00ed estar protegidos para el invierno y<br>resguardar la propia salud y la de la familia y seres cercanos.<\/p>\n","protected":false},"excerpt":{"rendered":"<p>En un esfuerzo en conjunto del \u00c1rea de Salud de Cormupa, Seremi de Salud y Servicio de SaludMagallanes, con apoyo del IST y Zonaustral, hace una semana retom\u00f3 su funcionamiento&#8230; <a class=\"read-more\" href=\"https:\/\/www.radiopresidenteibanez.cl\/web\/dos-mil-dosis-de-vacuna-contra-influenza-ha-administrado-punto-devacunacion-en-zonaustral-en-su-primera-semana-de-funcionamiento\/\">Leer m\u00e1s<\/a><\/p>\n","protected":false},"author":2,"featured_media":39259,"comment_status":"closed","ping_status":"closed","sticky":false,"template":"","format":"standard","meta":{"footnotes":""},"categories":[1],"tags":[],"class_list":["post-39258","post","type-post","status-publish","format-standard","has-post-thumbnail","hentry","category-cronica"],"_links":{"self":[{"href":"https:\/\/www.radiopresidenteibanez.cl\/web\/wp-json\/wp\/v2\/posts\/39258","targetHints":{"allow":["GET"]}}],"collection":[{"href":"https:\/\/www.radiopresidenteibanez.cl\/web\/wp-json\/wp\/v2\/posts"}],"about":[{"href":"https:\/\/www.radiopresidenteibanez.cl\/web\/wp-json\/wp\/v2\/types\/post"}],"author":[{"embeddable":true,"href":"https:\/\/www.radiopresidenteibanez.cl\/web\/wp-json\/wp\/v2\/users\/2"}],"replies":[{"embeddable":true,"href":"https:\/\/www.radiopresidenteibanez.cl\/web\/wp-json\/wp\/v2\/comments?post=39258"}],"version-history":[{"count":0,"href":"https:\/\/www.radiopresidenteibanez.cl\/web\/wp-json\/wp\/v2\/posts\/39258\/revisions"}],"wp:featuredmedia":[{"embeddable":true,"href":"https:\/\/www.radiopresidenteibanez.cl\/web\/wp-json\/wp\/v2\/media\/39259"}],"wp:attachment":[{"href":"https:\/\/www.radiopresidenteibanez.cl\/web\/wp-json\/wp\/v2\/media?parent=39258"}],"wp:term":[{"taxonomy":"category","embeddable":true,"href":"https:\/\/www.radiopresidenteibanez.cl\/web\/wp-json\/wp\/v2\/categories?post=39258"},{"taxonomy":"post_tag","embeddable":true,"href":"https:\/\/www.radiopresidenteibanez.cl\/web\/wp-json\/wp\/v2\/tags?post=39258"}],"curies":[{"name":"wp","href":"https:\/\/api.w.org\/{rel}","templated":true}]}}