{"id":3924,"date":"2019-05-05T16:51:51","date_gmt":"2019-05-05T16:51:51","guid":{"rendered":"http:\/\/www.radiopresidenteibanez.cl\/web\/?p=3924"},"modified":"2019-05-05T16:52:21","modified_gmt":"2019-05-05T16:52:21","slug":"se-realizo-presentacion-oficial-de-avion-no-tripulado-para-monitoreo-de-rio-las-minas","status":"publish","type":"post","link":"https:\/\/www.radiopresidenteibanez.cl\/web\/se-realizo-presentacion-oficial-de-avion-no-tripulado-para-monitoreo-de-rio-las-minas\/","title":{"rendered":"SE REALIZ\u00d3 PRESENTACI\u00d3N OFICIAL DE AVI\u00d3N NO TRIPULADO PARA MONITOREO DE R\u00cdO LAS MINAS"},"content":{"rendered":"\n<p>Fortalecer la observaci\u00f3n de la cuenca del R\u00edo Las\nMinas es un compromiso de la gobernaci\u00f3n de Magallanes, por esa raz\u00f3n, la existencia\nde la Mesa \u201cCuenca R\u00edo Las Minas\u201d, liderada por el gobernador provincial,\nHomero Villegas, que forma parte del subcomit\u00e9 de Emergencias y desastres del\nCTA de la gobernaci\u00f3n provincial, conformada por los servicios relacionados y\nprofesionales expertos, quienes luego de estudios y an\u00e1lisis, determinaron la\nnecesidad de una herramienta de avanzada tecnolog\u00eda para la vigilancia del r\u00edo.<\/p>\n\n\n\n<p>Sernageomin, integrante de la Mesa, obtuvo fondos\ndel Fondo Nacional de Desarrollo Regional, FNDR, para el \u201cPrograma de\ntransferencia de tecnolog\u00eda y conocimiento para el monitoreo de sectores\ncr\u00edticos en el r\u00edo Las Minas, regi\u00f3n de Magallanes y Ant\u00e1rtica Chilena (BIP\n40000435)\u201d, que hoy est\u00e1 en ejecuci\u00f3n. <\/p>\n\n\n\n<p>Esta ma\u00f1ana la gobernaci\u00f3n provincial y Sernageom\u00edn,\nacompa\u00f1ados por ONEMI, Carabineros y CONAF, realizaron el primer vuelo oficial\ndel veh\u00edculo a\u00e9reo no tripulado (UAV).&nbsp;\nLa vigilancia del r\u00edo se realiza a trav\u00e9s de este avi\u00f3n que a trav\u00e9s de\nsus c\u00e1maras transfiere im\u00e1genes de alta resoluci\u00f3n, capaces de detectar movimientos\nde suelo, remociones en masa y eventos hidrometeorol\u00f3gicos en sectores cr\u00edticos\nde la cuenca. Este avi\u00f3n utiliza alta tecnolog\u00eda, la m\u00e1s desarrollada en Chile,\nque permite detectar riesgos y variaciones en el territorio, y los resultados\nque se obtengan, ser\u00e1n un referente nacional para el estudio de cuencas en el\npa\u00eds.<\/p>\n\n\n\n<p>El gobernador provincial de Magallanes, Homero\nVillegas Nu\u00f1ez, expres\u00f3 que \u201cTenemos la suerte ac\u00e1 en Magallanes de poder\ncontar con estas capacidades que han sido fruto de toda la preocupaci\u00f3n e\ninteracci\u00f3n que ha tenido el estado de Chile por los peligros geol\u00f3gicos de la\ncuenca del r\u00edo Las Minas. Esta preocupaci\u00f3n de todos los servicios p\u00fablicos ha\ndado como consecuencia ir con la mejor tecnolog\u00eda de punta para hacer una toma de\ndatos relevantes y poder administrar todas las medidas que sean necesarias para\nque podamos prevenir la ocurrencia de da\u00f1os importantes en la ciudad, producto\nde un desborde del r\u00edo Las Minas\u201d<\/p>\n\n\n\n<p>El gobernador Villegas, agreg\u00f3 que \u201cesto debe\nponernos felices a todos los magall\u00e1nicos, porque esta herramienta tecnol\u00f3gica\nva a servir al Sernageomin para apoyar en otras actividades relevantes, no\nsolamente en la ciudad de Punta Arenas, sino que en la regi\u00f3n de Magallanes y\nyo creo que Ant\u00e1rtica chilena tambi\u00e9n\u201d. <\/p>\n\n\n\n<p>El avi\u00f3n no tripulado podr\u00e1 monitorear todos los\neventos hidrometeorol\u00f3gicos o de remociones en masas que puedan ocurrir en los\nsectores cr\u00edticos de la cuenca del r\u00edo Las Minas. <\/p>\n\n\n\n<p>Cabe se\u00f1alar que esta iniciativa surgi\u00f3 a ra\u00edz de la necesidad en que se vio la ciudad de Punta Arenas cuando sufri\u00f3 la inundaci\u00f3n del a\u00f1o 2012. Al respecto, el director de Sernageomin explic\u00f3 que \u00abeste es un proyecto de envergadura, es de alto monto, son 720 millones de pesos aproximadamente y la idea es transferir conocimiento y tecnolog\u00eda para monitorear el r\u00edo de una manera continua, permanente. Es capaz de sacar an\u00e1lisis y fotogrametr\u00edas de gran calidad, de gran tecnolog\u00eda y hacer levantamientos topogr\u00e1ficos de los sectores m\u00e1s cr\u00edticos de remociones en masas que ocurran en el r\u00edo. La idea es hacer un levantamiento computacional, con im\u00e1genes y as\u00ed se logra determinar qu\u00e9 lugares del r\u00edo puedan ser m\u00e1s afectados por estos eventos. En una segunda etapa, que ya se est\u00e1 en licitaci\u00f3n, se ha contemplado la adquisici\u00f3n de nuevos sensores, que ampliar\u00e1n la capacidad de vigilancia y detecci\u00f3n de anomal\u00edas en los sectores cr\u00edticos, para evitar cualquier tipo de emergencia\u201d.<\/p>\n\n\n\n<figure class=\"wp-block-image\"><img loading=\"lazy\" decoding=\"async\" width=\"909\" height=\"536\" src=\"https:\/\/www.radiopresidenteibanez.cl\/web\/wp-content\/uploads\/2019\/05\/7.jpg\" alt=\"\" class=\"wp-image-3925\" srcset=\"https:\/\/www.radiopresidenteibanez.cl\/web\/wp-content\/uploads\/2019\/05\/7.jpg 909w, https:\/\/www.radiopresidenteibanez.cl\/web\/wp-content\/uploads\/2019\/05\/7-300x177.jpg 300w, https:\/\/www.radiopresidenteibanez.cl\/web\/wp-content\/uploads\/2019\/05\/7-768x453.jpg 768w\" sizes=\"auto, (max-width: 909px) 100vw, 909px\" \/><\/figure>\n","protected":false},"excerpt":{"rendered":"<p>Fortalecer la observaci\u00f3n de la cuenca del R\u00edo Las Minas es un compromiso de la gobernaci\u00f3n de Magallanes, por esa raz\u00f3n, la existencia de la Mesa \u201cCuenca R\u00edo Las Minas\u201d,&#8230; <a class=\"read-more\" href=\"https:\/\/www.radiopresidenteibanez.cl\/web\/se-realizo-presentacion-oficial-de-avion-no-tripulado-para-monitoreo-de-rio-las-minas\/\">Leer m\u00e1s<\/a><\/p>\n","protected":false},"author":2,"featured_media":3925,"comment_status":"closed","ping_status":"closed","sticky":false,"template":"","format":"standard","meta":{"footnotes":""},"categories":[1],"tags":[],"class_list":["post-3924","post","type-post","status-publish","format-standard","has-post-thumbnail","hentry","category-cronica"],"_links":{"self":[{"href":"https:\/\/www.radiopresidenteibanez.cl\/web\/wp-json\/wp\/v2\/posts\/3924","targetHints":{"allow":["GET"]}}],"collection":[{"href":"https:\/\/www.radiopresidenteibanez.cl\/web\/wp-json\/wp\/v2\/posts"}],"about":[{"href":"https:\/\/www.radiopresidenteibanez.cl\/web\/wp-json\/wp\/v2\/types\/post"}],"author":[{"embeddable":true,"href":"https:\/\/www.radiopresidenteibanez.cl\/web\/wp-json\/wp\/v2\/users\/2"}],"replies":[{"embeddable":true,"href":"https:\/\/www.radiopresidenteibanez.cl\/web\/wp-json\/wp\/v2\/comments?post=3924"}],"version-history":[{"count":0,"href":"https:\/\/www.radiopresidenteibanez.cl\/web\/wp-json\/wp\/v2\/posts\/3924\/revisions"}],"wp:featuredmedia":[{"embeddable":true,"href":"https:\/\/www.radiopresidenteibanez.cl\/web\/wp-json\/wp\/v2\/media\/3925"}],"wp:attachment":[{"href":"https:\/\/www.radiopresidenteibanez.cl\/web\/wp-json\/wp\/v2\/media?parent=3924"}],"wp:term":[{"taxonomy":"category","embeddable":true,"href":"https:\/\/www.radiopresidenteibanez.cl\/web\/wp-json\/wp\/v2\/categories?post=3924"},{"taxonomy":"post_tag","embeddable":true,"href":"https:\/\/www.radiopresidenteibanez.cl\/web\/wp-json\/wp\/v2\/tags?post=3924"}],"curies":[{"name":"wp","href":"https:\/\/api.w.org\/{rel}","templated":true}]}}