{"id":39222,"date":"2023-04-26T16:36:00","date_gmt":"2023-04-26T19:36:00","guid":{"rendered":"https:\/\/www.radiopresidenteibanez.cl\/web\/?p=39222"},"modified":"2023-04-26T15:29:57","modified_gmt":"2023-04-26T18:29:57","slug":"balance-temporada-turisrica-de-cruceros-2022-2023-magallanes-tuvo-la-temporada-mas-extensa-del-pais-con-180-recaladas","status":"publish","type":"post","link":"https:\/\/www.radiopresidenteibanez.cl\/web\/balance-temporada-turisrica-de-cruceros-2022-2023-magallanes-tuvo-la-temporada-mas-extensa-del-pais-con-180-recaladas\/","title":{"rendered":"BALANCE TEMPORADA TURISRICA DE CRUCEROS 2022- 2023: MAGALLANES TUVO LA TEMPORADA MAS EXTENSA DEL PAIS CON 180 RECALADAS"},"content":{"rendered":"\n<blockquote class=\"wp-block-quote is-layout-flow wp-block-quote-is-layout-flow\">\n<p>Con el arribo del Ventus Australis al Muelle Arturo Prat de Punta Arenas, el pasado lunes 24 de abril, se dio t\u00e9rmino a las operaciones de la Temporada Tur\u00edstica de Cruceros 2022-2023. En ese contexto, el Directorio de Epaustral, encabezado por su presidente Gabriel Aldoney Vargas, junto a los directores Jessica Saldivia Maldonado y Jos\u00e9 Retamales Espinoza, se reuni\u00f3 con autoridades y representantes de empresas del mundo mar\u00edtimo portuario a bordo de la nave, para compartir visiones y experiencias a modo de balance.<\/p>\n\n\n\n<p>El encuentro fue convocado por el gerente zonal de Cruceros Australis,&nbsp;Gerardo&nbsp;\u00c1lvarez&nbsp;Zenteno, junto al gerente general de Epaustral, Rodrigo Pommiez Aravena y cont\u00f3 con la asistencia de los secretarios regionales ministeriales de Econom\u00eda, Fomento y Turismo, Ruth Saieh Latrach, y de Transportes y Telecomunicaciones,&nbsp;Rodrigo Hern\u00e1ndez Navarro, y el Comandante en Jefe de la III Zona Naval Contraalmirante Fernando Borcoski Pinto,&nbsp;adem\u00e1s de autoridades de servicios p\u00fablicos y representantes de agencias navieras y operadores tur\u00edsticos que participan en las operaciones vinculadas a la industria de cruceros.&nbsp;<\/p>\n\n\n\n<p>La Temporada Tur\u00edstica de Cruceros 2022-2023 se inici\u00f3 el 21 de septiembre del a\u00f1o pasado, con el primer zarpe del crucero regional Ventus Australis. Dos d\u00edas despu\u00e9s se inici\u00f3 el movimiento de naves internacionales con el arribo del Magellan Explorer, de la empresa regional Antarctica21, concluyendo con el arribo del Ventus Australis el 24 de abril.<\/p>\n\n\n\n<p>El presidente del Directorio de la Empresa Portuaria Austral, Gabriel Aldoney Vargas, expres\u00f3 que \u00abestamos conscientes de que la industria de cruceros tiene un efecto importante en el prestigio del pa\u00eds, pues al regresar a sus pa\u00edses de origen los visitantes comentan con sus cercanos los detalles de su experiencia: c\u00f3mo estuvieron, qu\u00e9 conocieron en materia de gastronom\u00eda, cultura, pueblos originarios, riquezas naturales, entre otras cosas. Por ello, mantener y potenciar ese posicionamiento internacional es un trabajo diario\u00bb.<\/p>\n\n\n\n<p>En materia de resultados, agreg\u00f3 que \u00abtuvimos valores sorprendentes, con la temporada m\u00e1s extensa del pa\u00eds y un n\u00famero de recaladas superior a las cifras pre pandemia, en que triplicamos los arribos a Puerto Williams y reanudamos las recaladas en Puerto Ed\u00e9n, con un movimiento que involucr\u00f3 m\u00e1s de 1.500 personas. El desaf\u00edo es que cada a\u00f1o tengamos el ingenio para ofrecer cosas nuevas que motiven a las empresas a ofrecer m\u00e1s servicios y potenciar otras rutas por esta zona del pa\u00eds, que aumenten la oferta en las ciudades en que se opera\u00bb. Enfatiz\u00f3 que \u00aben nuestros objetivos estrat\u00e9gicos est\u00e1 el aporte que podemos hacer como empresa p\u00fablica al desarrollo de la regi\u00f3n y del pa\u00eds a trav\u00e9s de nuestra gesti\u00f3n en esta materia, y estamos convencidos que trabajando en conjunto es posible avanzar en ofrecer mejores condiciones para que el pa\u00eds pueda ser un referente mundial en la zona ant\u00e1rtica\u201d.<\/p>\n\n\n\n<p>En tanto, el gerente zonal de Cruceros Australis,&nbsp;Gerardo&nbsp;\u00c1lvarez&nbsp;destac\u00f3 que \u00abpara nuestra empresa, pionera en la industria tur\u00edstica local con m\u00e1s de 32 a\u00f1os en el segmento de cruceros de expedici\u00f3n y m\u00e1s de 36 en el de turismo receptivo, esta fue sin dudas una temporada muy fuerte y especial, pues volvimos al ruedo tras dos a\u00f1os dur\u00edsimos\u00bb. A su juicio, los principales hitos de esta temporada fueron \u00abel regreso de la operaci\u00f3n de dos naves, Ventus Australis y Stella Australis, a cuyos capitanes Pablo Bueno y&nbsp;Carlos Aguilera agradezco especialmente; haber tenido una temporada extensa, entre septiembre y fines de abril, con m\u00e1s de 90 viajes de 4 noches (versus los 16 viajes de 5 noches del verano 2022); alcanzar los 10.000 pasajeros movilizados, cada vez m\u00e1s cerca de las cifras pre pandemia (13.000), y recuperar el perfil hist\u00f3rico de nuestros pasajeros, con un 90% de extranjeros\u00bb.<\/p>\n\n\n\n<p>Por su parte, la seremi de&nbsp;Econom\u00eda, Fomento y Turismo, Ruth Saieh, manifest\u00f3 que \u00abhace un par de semanas iniciamos un trabajo con Epaustral, para convocar a todos los operadores del \u00e1mbito del turismo y Sernatur, para mejorar la experiencia del visitante y motivar la articulaci\u00f3n de los distintos sectores econ\u00f3micos de las ciudades donde estamos teniendo recaladas. Queremos mejorar la oferta de servicios que entregamos para generar movimiento en la econom\u00eda local y as\u00ed evitar que tengamos visitantes dando vueltas sin tener d\u00f3nde estar\u00bb.<\/p>\n\n\n\n<p>En t\u00e9rminos de flujo la Temporada Tur\u00edstica de Cruceros 2022-2023 registr\u00f3&nbsp;180 recaladas (51 nacionales y 129 internacionales), involucrando el movimiento de&nbsp;65.777 pasajeros (5.481 de cruceros nacionales y 60.296 de internacionales). En cuanto al desglose, 116 arribos se produjeron en Punta Arenas (55.809 pasajeros), 42 en Puerto Williams (6.019 pasajeros), 13 en Puerto Natales (2.255 pasajeros) y 9 en Puerto Ed\u00e9n (1.694 pasajeros), involucrando as\u00ed a tres de las cuatro provincias de la regi\u00f3n.<\/p>\n<\/blockquote>\n","protected":false},"excerpt":{"rendered":"<p>Con el arribo del Ventus Australis al Muelle Arturo Prat de Punta Arenas, el pasado lunes 24 de abril, se dio t\u00e9rmino a las operaciones de la Temporada Tur\u00edstica de&#8230; <a class=\"read-more\" href=\"https:\/\/www.radiopresidenteibanez.cl\/web\/balance-temporada-turisrica-de-cruceros-2022-2023-magallanes-tuvo-la-temporada-mas-extensa-del-pais-con-180-recaladas\/\">Leer m\u00e1s<\/a><\/p>\n","protected":false},"author":2,"featured_media":39223,"comment_status":"closed","ping_status":"closed","sticky":false,"template":"","format":"standard","meta":{"footnotes":""},"categories":[1],"tags":[],"class_list":["post-39222","post","type-post","status-publish","format-standard","has-post-thumbnail","hentry","category-cronica"],"_links":{"self":[{"href":"https:\/\/www.radiopresidenteibanez.cl\/web\/wp-json\/wp\/v2\/posts\/39222","targetHints":{"allow":["GET"]}}],"collection":[{"href":"https:\/\/www.radiopresidenteibanez.cl\/web\/wp-json\/wp\/v2\/posts"}],"about":[{"href":"https:\/\/www.radiopresidenteibanez.cl\/web\/wp-json\/wp\/v2\/types\/post"}],"author":[{"embeddable":true,"href":"https:\/\/www.radiopresidenteibanez.cl\/web\/wp-json\/wp\/v2\/users\/2"}],"replies":[{"embeddable":true,"href":"https:\/\/www.radiopresidenteibanez.cl\/web\/wp-json\/wp\/v2\/comments?post=39222"}],"version-history":[{"count":0,"href":"https:\/\/www.radiopresidenteibanez.cl\/web\/wp-json\/wp\/v2\/posts\/39222\/revisions"}],"wp:featuredmedia":[{"embeddable":true,"href":"https:\/\/www.radiopresidenteibanez.cl\/web\/wp-json\/wp\/v2\/media\/39223"}],"wp:attachment":[{"href":"https:\/\/www.radiopresidenteibanez.cl\/web\/wp-json\/wp\/v2\/media?parent=39222"}],"wp:term":[{"taxonomy":"category","embeddable":true,"href":"https:\/\/www.radiopresidenteibanez.cl\/web\/wp-json\/wp\/v2\/categories?post=39222"},{"taxonomy":"post_tag","embeddable":true,"href":"https:\/\/www.radiopresidenteibanez.cl\/web\/wp-json\/wp\/v2\/tags?post=39222"}],"curies":[{"name":"wp","href":"https:\/\/api.w.org\/{rel}","templated":true}]}}