{"id":39185,"date":"2023-04-25T15:32:00","date_gmt":"2023-04-25T18:32:00","guid":{"rendered":"https:\/\/www.radiopresidenteibanez.cl\/web\/?p=39185"},"modified":"2023-04-25T10:18:30","modified_gmt":"2023-04-25T13:18:30","slug":"tango-y-poesia-en-el-ultimo-tren-a-casa","status":"publish","type":"post","link":"https:\/\/www.radiopresidenteibanez.cl\/web\/tango-y-poesia-en-el-ultimo-tren-a-casa\/","title":{"rendered":"TANGO\u00a0 Y\u00a0 POESIA\u00a0 EN\u00a0 \u201cEL \u00daLTIMO TREN A CASA\u201d\u00a0"},"content":{"rendered":"\n<p>Este mi\u00e9rcoles 19 hrs., hora de Magallanes, el programa&nbsp;<em>\u201cEl \u00faltimo tren a casa\u201d<\/em>&nbsp;que produce&nbsp;<em>el Colectivo Aczi\u00f3n Kultural<\/em>&nbsp;&nbsp;y&nbsp;&nbsp;que conduce&nbsp;<em>Pedro Guichapany<\/em>&nbsp;en radio Presidente Ib\u00e1\u00f1ez presenta una edici\u00f3n llamada&nbsp;<em>\u201cTango y Poes\u00eda: homenaje al poeta Marino Mu\u00f1oz Lagos\u201d<\/em>.&nbsp; &nbsp;Con la colaboraci\u00f3n de Marino Mu\u00f1oz Ag\u00fcero, hijo del poeta, se facilit\u00f3 una selecci\u00f3n de tangos que don Marino escuchaba.<\/p>\n\n\n\n<p><em>Marino Mu\u00f1oz Lagos<\/em>, poeta y escritor, falleci\u00f3 el 14 de abril de 2017 a la edad de 91 a\u00f1os.<\/p>\n\n\n\n<p><em>Marino Mu\u00f1oz Lagos<\/em>&nbsp;nace en Mulch\u00e9n, regi\u00f3n del B\u00edo B\u00edo el 19 de julio de 1925. Despu\u00e9s de obtener su t\u00edtulo de profesor primario normalista, se radic\u00f3 en Punta Arenas.&nbsp;<\/p>\n\n\n\n<p>Publica su primer libro de poes\u00edas&nbsp;<em>\u201cUn hombre asoma por el roc\u00edo\u201d<\/em>&nbsp;en 1949, luego vendr\u00edan los textos po\u00e9ticos&nbsp;<em>\u201cEl solar inefable\u201d<\/em>&nbsp;en 1953,&nbsp;<em>\u201cDos poemas\u201d<\/em>&nbsp;en 1955, la antolog\u00eda&nbsp;<em>\u201cChile, a trav\u00e9s de sus poetas\u201d<\/em>&nbsp;en 1960 y el celebrado libro&nbsp;<em>\u201cLos rostros de la lluvia\u201d<\/em>&nbsp;en 1971, por el cual fue galardonado con el premio municipal de poes\u00eda, distinguido por la Ilustre Municipalidad de Santiago.<\/p>\n\n\n\n<p>Otras de sus obras son:&nbsp;<em>\u201cEntre adioses y nostalgias\u201d<\/em>&nbsp;de 1981 y&nbsp;<em>\u201cOcho poemas meridionales\u201d<\/em>&nbsp;de 1982,&nbsp;<em>\u201cCr\u00f3nicas del diario so\u00f1ar\u201d<\/em>&nbsp;de 1987,&nbsp;<em>\u201cAntolog\u00eda a ras del suelo\u201d<\/em>&nbsp;en 1992, \u201cCr\u00f3nicas de sur a norte\u201d en 1992, \u201cGabriela Mistral en Punta Arenas\u201d en 1994 y sus \u00faltimos textos po\u00e9ticos conocidos&nbsp;<em>\u201cDe distancias y soledades\u201d<\/em>&nbsp;en 1997,&nbsp;<em>\u201cLa muerte sobre el tr\u00e9bol\u201d<\/em>&nbsp;en 2005,&nbsp;<em>\u201cLos asombros de otrora\u201d<\/em>&nbsp;en 2008 y su \u00faltimo trabajo de recopilaci\u00f3n sobre cr\u00edtica literaria titulado&nbsp;<em>\u201cCr\u00f3nicas de una lejan\u00eda\u201d<\/em>&nbsp;del 2001.&nbsp;<\/p>\n\n\n\n<p><em>Marino Mu\u00f1oz Lagos<\/em>, obtuvo en 1992 el Premio de la Cultura y las Artes; en 1994 se le distingui\u00f3 con el Premio Municipal de Literatura de Punta Arenas; en 1995 obtuvo el Premio del Consejo Nacional del Libro y la Lectura, en cr\u00edtica literaria; el a\u00f1o 2001 el Premio del Fondo de la Cultura, las Artes y el Patrimonio de la XII Regi\u00f3n de Magallanes y Ant\u00e1rtica Chilena; en tanto, que en 2004 se le obsequi\u00f3 la medalla presidencial Centenario Pablo Neruda junto al locutor Daniel Ruiz Oyarzo y el 2007 fue nombrado Ciudadano Ilustre de la Regi\u00f3n de Magallanes y Ant\u00e1rtica Chilena. En 2015 la Municipalidad de Punta Arenas lo declara \u00abHijo Ilustre de la ciudad\u00bb y recibe la Medalla gobierno regional con motivo de haber cumplido 90 a\u00f1os de vida.<\/p>\n\n\n\n<p>En lo musical en el programa se podr\u00e1 escuchar a&nbsp;<em>An\u00edbal \u201cPichuco\u201d Troilo, Julio Sosa, Alberto Podest\u00e1, Miguel Cal\u00f3 y su orquesta, Mariano Mores y orquesta, Edmundo Rivero, Sussy Leiva, Argentino Ledesma, Alberto Castillo, Dyango, Astor Piazzolla, Roberto Goyeneche<\/em>, entre otros.<\/p>\n","protected":false},"excerpt":{"rendered":"<p>Este mi\u00e9rcoles 19 hrs., hora de Magallanes, el programa&nbsp;\u201cEl \u00faltimo tren a casa\u201d&nbsp;que produce&nbsp;el Colectivo Aczi\u00f3n Kultural&nbsp;&nbsp;y&nbsp;&nbsp;que conduce&nbsp;Pedro Guichapany&nbsp;en radio Presidente Ib\u00e1\u00f1ez presenta una edici\u00f3n llamada&nbsp;\u201cTango y Poes\u00eda: homenaje al&#8230; <a class=\"read-more\" href=\"https:\/\/www.radiopresidenteibanez.cl\/web\/tango-y-poesia-en-el-ultimo-tren-a-casa\/\">Leer m\u00e1s<\/a><\/p>\n","protected":false},"author":2,"featured_media":39186,"comment_status":"closed","ping_status":"closed","sticky":false,"template":"","format":"standard","meta":{"footnotes":""},"categories":[1],"tags":[],"class_list":["post-39185","post","type-post","status-publish","format-standard","has-post-thumbnail","hentry","category-cronica"],"_links":{"self":[{"href":"https:\/\/www.radiopresidenteibanez.cl\/web\/wp-json\/wp\/v2\/posts\/39185","targetHints":{"allow":["GET"]}}],"collection":[{"href":"https:\/\/www.radiopresidenteibanez.cl\/web\/wp-json\/wp\/v2\/posts"}],"about":[{"href":"https:\/\/www.radiopresidenteibanez.cl\/web\/wp-json\/wp\/v2\/types\/post"}],"author":[{"embeddable":true,"href":"https:\/\/www.radiopresidenteibanez.cl\/web\/wp-json\/wp\/v2\/users\/2"}],"replies":[{"embeddable":true,"href":"https:\/\/www.radiopresidenteibanez.cl\/web\/wp-json\/wp\/v2\/comments?post=39185"}],"version-history":[{"count":0,"href":"https:\/\/www.radiopresidenteibanez.cl\/web\/wp-json\/wp\/v2\/posts\/39185\/revisions"}],"wp:featuredmedia":[{"embeddable":true,"href":"https:\/\/www.radiopresidenteibanez.cl\/web\/wp-json\/wp\/v2\/media\/39186"}],"wp:attachment":[{"href":"https:\/\/www.radiopresidenteibanez.cl\/web\/wp-json\/wp\/v2\/media?parent=39185"}],"wp:term":[{"taxonomy":"category","embeddable":true,"href":"https:\/\/www.radiopresidenteibanez.cl\/web\/wp-json\/wp\/v2\/categories?post=39185"},{"taxonomy":"post_tag","embeddable":true,"href":"https:\/\/www.radiopresidenteibanez.cl\/web\/wp-json\/wp\/v2\/tags?post=39185"}],"curies":[{"name":"wp","href":"https:\/\/api.w.org\/{rel}","templated":true}]}}