{"id":39182,"date":"2023-04-25T14:23:00","date_gmt":"2023-04-25T17:23:00","guid":{"rendered":"https:\/\/www.radiopresidenteibanez.cl\/web\/?p=39182"},"modified":"2023-04-25T10:03:06","modified_gmt":"2023-04-25T13:03:06","slug":"ministerio-publico-coordina-primeras-diligencias-investigativas-y-bitacora-web-con-policias-de-puerto-williams","status":"publish","type":"post","link":"https:\/\/www.radiopresidenteibanez.cl\/web\/ministerio-publico-coordina-primeras-diligencias-investigativas-y-bitacora-web-con-policias-de-puerto-williams\/","title":{"rendered":"MINISTERIO PUBLICO COORDINA PRIMERAS DILIGENCIAS INVESTIGATIVAS Y BITACORA WEB CON POLICIAS DE PUERTO WILLIAMS"},"content":{"rendered":"\n<p>Hasta Puerto Williams se traslad\u00f3 personal de la Fiscal\u00eda de Magallanes, con el fin de capacitar en terreno y actualizar conocimientos en el \u00e1rea de primeras diligencias investigativas, fiscal\u00eda de flagrancia y bit\u00e1cora Web al personal de Carabineros, Polic\u00eda de Investigaciones y funcionarios de la Armada de Chile que cumplen funciones de polic\u00eda mar\u00edtima, reforzando as\u00ed el trabajo coordinado entre<br>los distintos equipos.<\/p>\n\n\n\n<p>En la oportunidad los expositores, Ver\u00f3nica Larra\u00edn, Directora Ejecutiva Regional de la Fiscal\u00eda, v\u00eda remota con el aplicativo y Adri\u00e1n Valdes, coordinador regional de la Bit\u00e1cora Web, en forma presencial, explicaron<br>a los asistentes el funcionamiento detallado de la Fiscal\u00eda de Flagrancia, a la cual se uni\u00f3n el a\u00f1o pasado, la Fiscal\u00eda Regional, la que ha permitido a Magallanes innovar, agilizar procesos y entregar respuestas est\u00e1ndares a la ciudadan\u00eda, en el \u00e1rea de primeras diligencias investigativas, al ser parte del trabajo conjunto que lleva adelante la Fiscal\u00eda Occidente y la Fiscal\u00eda de Arica y Parinacota y contar con equipos especializados interregionales, compuestos de funcionarios y fiscales coordinados en turnos permanentes<br>con las polic\u00edas, quienes trabajan en base a un formato en l\u00ednea compartido, denominado bit\u00e1cora Web, conociendo los hechos delictuales, recabando informaci\u00f3n precisa y completa para su posterior<br>etapa de control de detenci\u00f3n y tramitaci\u00f3n de causas.<\/p>\n","protected":false},"excerpt":{"rendered":"<p>Hasta Puerto Williams se traslad\u00f3 personal de la Fiscal\u00eda de Magallanes, con el fin de capacitar en terreno y actualizar conocimientos en el \u00e1rea de primeras diligencias investigativas, fiscal\u00eda de&#8230; <a class=\"read-more\" href=\"https:\/\/www.radiopresidenteibanez.cl\/web\/ministerio-publico-coordina-primeras-diligencias-investigativas-y-bitacora-web-con-policias-de-puerto-williams\/\">Leer m\u00e1s<\/a><\/p>\n","protected":false},"author":2,"featured_media":39183,"comment_status":"closed","ping_status":"closed","sticky":false,"template":"","format":"standard","meta":{"footnotes":""},"categories":[1],"tags":[],"class_list":["post-39182","post","type-post","status-publish","format-standard","has-post-thumbnail","hentry","category-cronica"],"_links":{"self":[{"href":"https:\/\/www.radiopresidenteibanez.cl\/web\/wp-json\/wp\/v2\/posts\/39182","targetHints":{"allow":["GET"]}}],"collection":[{"href":"https:\/\/www.radiopresidenteibanez.cl\/web\/wp-json\/wp\/v2\/posts"}],"about":[{"href":"https:\/\/www.radiopresidenteibanez.cl\/web\/wp-json\/wp\/v2\/types\/post"}],"author":[{"embeddable":true,"href":"https:\/\/www.radiopresidenteibanez.cl\/web\/wp-json\/wp\/v2\/users\/2"}],"replies":[{"embeddable":true,"href":"https:\/\/www.radiopresidenteibanez.cl\/web\/wp-json\/wp\/v2\/comments?post=39182"}],"version-history":[{"count":0,"href":"https:\/\/www.radiopresidenteibanez.cl\/web\/wp-json\/wp\/v2\/posts\/39182\/revisions"}],"wp:featuredmedia":[{"embeddable":true,"href":"https:\/\/www.radiopresidenteibanez.cl\/web\/wp-json\/wp\/v2\/media\/39183"}],"wp:attachment":[{"href":"https:\/\/www.radiopresidenteibanez.cl\/web\/wp-json\/wp\/v2\/media?parent=39182"}],"wp:term":[{"taxonomy":"category","embeddable":true,"href":"https:\/\/www.radiopresidenteibanez.cl\/web\/wp-json\/wp\/v2\/categories?post=39182"},{"taxonomy":"post_tag","embeddable":true,"href":"https:\/\/www.radiopresidenteibanez.cl\/web\/wp-json\/wp\/v2\/tags?post=39182"}],"curies":[{"name":"wp","href":"https:\/\/api.w.org\/{rel}","templated":true}]}}