{"id":39158,"date":"2023-04-24T16:37:00","date_gmt":"2023-04-24T19:37:00","guid":{"rendered":"https:\/\/www.radiopresidenteibanez.cl\/web\/?p=39158"},"modified":"2023-04-24T11:23:20","modified_gmt":"2023-04-24T14:23:20","slug":"dura-critica-del-presidente-regional-del-partido-radical-rodolfo-cardenas-por-anuncio-del-gobierno-ante-situacion-de-nova-austral","status":"publish","type":"post","link":"https:\/\/www.radiopresidenteibanez.cl\/web\/dura-critica-del-presidente-regional-del-partido-radical-rodolfo-cardenas-por-anuncio-del-gobierno-ante-situacion-de-nova-austral\/","title":{"rendered":"DURA CRITICA DEL PRESIDENTE REGIONAL DEL PARTIDO RADICAL RODOLFO CARDENAS POR ANUNCIO DEL GOBIERNO ANTE SITUACION DE NOVA AUSTRAL"},"content":{"rendered":"\n<p>Como una \u201ctotal irresponsabilidad por parte del Gobierno\u201d, calific\u00f3 el consejero regional por<br>Tierra del Fuego, y presidente regional del Partido Radical, Rodolfo C\u00e1rdenas, el anuncio hecho<br>anoche por la Delegaci\u00f3n Presidencial Regional, respecto de la incierta situaci\u00f3n que afecta a<br>cientos de trabajadores de Nova Austral, el representante lamenta la ambig\u00fcedad con la que<br>se est\u00e1 abordando la materia.<br>Expectaci\u00f3n e incertidumbre est\u00e1n atravesando las personas que trabajan en la empresa Nova<br>Austral, ante lo cual el Gobierno dio a conocer que la salmonera tiene la posibilidad de operar<br>en dos centros de cultivos, pero que no ha hecho las solicitudes correspondientes, situaci\u00f3n<br>que a juicio de las autoridades es inentendible. De esta manera, lo se\u00f1alado por la delegada<br>regional, Luz Berm\u00fadez, no da una soluci\u00f3n concreta, sino que traspasa la responsabilidad de<br>la continuidad de las operaciones en la propia firma.<br>Afirm\u00f3 el consejero de la Provincia de Tierra del fuego que esta postura lo \u00fanico que hace es<br>\u201cdilatar la situaci\u00f3n de las y los trabajadores, alej\u00e1ndose de lo que en su momento se plante\u00f3<br>en la mesa del Consejo Regional, entramp\u00e1ndose en temas procedimentales, y no poniendo en<br>el centro lo que realmente importa, la estabilidad laboral, emocional y econ\u00f3mica de las y los<br>habitantes de Tierra del Fuego\u201d, subray\u00f3.<br>Finalmente, orient\u00f3 su cr\u00edtica a que hay que adelantarse a un eventual escenario de cierre de<br>la planta, e inst\u00f3 a los intervinientes a \u201ccuidar las fuentes laborales de Porvenir y Magallanes,<br>para lo que se requiere un esfuerzo real y t\u00e9cnico por parte del Gobierno\u201d, enfatizando para<br>terminar que \u201cpara eso se requieren medidas certeras y no voladeros de luces. Por lo que<br>espero, que las pr\u00f3ximas, por lo que espero que una pr\u00f3xima propuesta sea verdadera\u201d.<\/p>\n","protected":false},"excerpt":{"rendered":"<p>Como una \u201ctotal irresponsabilidad por parte del Gobierno\u201d, calific\u00f3 el consejero regional porTierra del Fuego, y presidente regional del Partido Radical, Rodolfo C\u00e1rdenas, el anuncio hechoanoche por la Delegaci\u00f3n Presidencial&#8230; <a class=\"read-more\" href=\"https:\/\/www.radiopresidenteibanez.cl\/web\/dura-critica-del-presidente-regional-del-partido-radical-rodolfo-cardenas-por-anuncio-del-gobierno-ante-situacion-de-nova-austral\/\">Leer m\u00e1s<\/a><\/p>\n","protected":false},"author":2,"featured_media":39159,"comment_status":"closed","ping_status":"closed","sticky":false,"template":"","format":"standard","meta":{"footnotes":""},"categories":[1],"tags":[],"class_list":["post-39158","post","type-post","status-publish","format-standard","has-post-thumbnail","hentry","category-cronica"],"_links":{"self":[{"href":"https:\/\/www.radiopresidenteibanez.cl\/web\/wp-json\/wp\/v2\/posts\/39158","targetHints":{"allow":["GET"]}}],"collection":[{"href":"https:\/\/www.radiopresidenteibanez.cl\/web\/wp-json\/wp\/v2\/posts"}],"about":[{"href":"https:\/\/www.radiopresidenteibanez.cl\/web\/wp-json\/wp\/v2\/types\/post"}],"author":[{"embeddable":true,"href":"https:\/\/www.radiopresidenteibanez.cl\/web\/wp-json\/wp\/v2\/users\/2"}],"replies":[{"embeddable":true,"href":"https:\/\/www.radiopresidenteibanez.cl\/web\/wp-json\/wp\/v2\/comments?post=39158"}],"version-history":[{"count":0,"href":"https:\/\/www.radiopresidenteibanez.cl\/web\/wp-json\/wp\/v2\/posts\/39158\/revisions"}],"wp:featuredmedia":[{"embeddable":true,"href":"https:\/\/www.radiopresidenteibanez.cl\/web\/wp-json\/wp\/v2\/media\/39159"}],"wp:attachment":[{"href":"https:\/\/www.radiopresidenteibanez.cl\/web\/wp-json\/wp\/v2\/media?parent=39158"}],"wp:term":[{"taxonomy":"category","embeddable":true,"href":"https:\/\/www.radiopresidenteibanez.cl\/web\/wp-json\/wp\/v2\/categories?post=39158"},{"taxonomy":"post_tag","embeddable":true,"href":"https:\/\/www.radiopresidenteibanez.cl\/web\/wp-json\/wp\/v2\/tags?post=39158"}],"curies":[{"name":"wp","href":"https:\/\/api.w.org\/{rel}","templated":true}]}}