{"id":39155,"date":"2023-04-24T15:43:00","date_gmt":"2023-04-24T18:43:00","guid":{"rendered":"https:\/\/www.radiopresidenteibanez.cl\/web\/?p=39155"},"modified":"2023-04-24T11:15:55","modified_gmt":"2023-04-24T14:15:55","slug":"gobierno-reconoce-a-defensores-de-los-derechos-humanos-y-promueve-agenda-de-visibilizacion-de-sitios-de-memoria","status":"publish","type":"post","link":"https:\/\/www.radiopresidenteibanez.cl\/web\/gobierno-reconoce-a-defensores-de-los-derechos-humanos-y-promueve-agenda-de-visibilizacion-de-sitios-de-memoria\/","title":{"rendered":"GOBIERNO RECONOCE A DEFENSORES DE LOS DERECHOS HUMANOS Y PROMUEVE AGENDA DE VISIBILIZACION DE SITIOS DE MEMORIA"},"content":{"rendered":"\n<p>A menos de un mes de ocurrido el golpe militar, las iglesias Cat\u00f3lica, Metodista, y el<br>Ej\u00e9rcito de Salvaci\u00f3n abrieron sus puertas a las v\u00edctimas de violaci\u00f3n a los derechos<br>humanos y a sus familias. La espont\u00e1nea iniciativa qued\u00f3 consolidada en noviembre de<br>1973, con la creaci\u00f3n del Comit\u00e9 Pro Paz Provincial, instancia liderada por Alejandro Goic,<br>vicario Capitular de la Iglesia Cat\u00f3lica, Arnoldo Soto, Capit\u00e1n de Ej\u00e9rcito de Salvaci\u00f3n, y<br>Esteban Fetis, pastor de la Iglesia Metodista.<br>Bajo la atenta mirada del r\u00e9gimen dictatorial, esta organizaci\u00f3n social y eclesi\u00e1stica, entre<br>sus primeras acciones, recogi\u00f3 la informaci\u00f3n de los detenidos, lugares de reclusi\u00f3n y su<br>estado de salud. A su vez, entreg\u00f3 asistencia moral, legal, m\u00e9dica, psicol\u00f3gica, social,<br>econ\u00f3mica y educacional a las v\u00edctimas y sus familiares.<br>\u201cSe trata del primer apoyo que recibieron las v\u00edctimas de violaci\u00f3n a los derechos<br>humanos y provino de las distintas iglesias. En ese espacio cientos de personas<br>encontraron respaldo ante el Estado agresor y consuelo por la falta de justicia\u201d, expres\u00f3<br>Luz Berm\u00fadez, delegada Presidencial de Magallanes.<br>La representante presidencial asegur\u00f3 que reconocer el apoyo eclesi\u00e1stico y ecum\u00e9nico y<br>visibilizar los sitios de memoria son parte de la agenda que tiene el gobierno de Gabriel<br>Boric en Magallanes al cumplirse 50 a\u00f1os del golpe militar, apoyado por civiles.<br>\u201cLa memoria hist\u00f3rica permite a las sociedades reflexionar sobre su pasado, reconocer y<br>reparar las injusticias cometidas, y construir una visi\u00f3n m\u00e1s justa e inclusiva de su futuro\u201d,<br>indic\u00f3 Berm\u00fadez.<br>Tambi\u00e9n reconoci\u00f3 el papel que jugaron las iglesias, las comunidades de fe, en la defensa<br>de la dignidad humana. \u201cEn nombre del Estado y del Gobierno les damos las gracias por<br>todo lo que dieron. Por permitir que la llama de la esperanza no se extinguiera.<br>Agradecemos porque tenemos memoria\u201d, precis\u00f3.<br>El Comit\u00e9 Pro Paz funcion\u00f3 hasta el a\u00f1o 1975 por exigencia de Pinochet. No obstante,<br>cada Iglesia sigui\u00f3 trabajando en aras de la dignidad humana.<\/p>\n\n\n\n<p>Muchos son los nombres de personas que dieron cobijo a los perseguidos y que<br>fallecieron. El Capit\u00e1n Soto era uno de ellos. Quienes lo conocieron lo definen como una<br>persona carism\u00e1tica que fue testigo a favor (testigo de descargo) de personas acusadas<br>por delitos que no cometieron, en los Consejos de Guerra que instaur\u00f3 la dictadura.<br>Magda Ruiz, menor de edad a la fecha y acusada de esconder armas, tener entrenamiento<br>militar, y participar del \u201cPlan Z\u201d, supuesta confabulaci\u00f3n del gobierno de&nbsp;Salvador<br>Allende&nbsp;para terminar con los generales de las Fuerzas Armadas y la oposici\u00f3n, recuerda a<br>Soto como una persona \u201ccarism\u00e1tica y valiente. En esos tiempos no era llegar e ir a<br>defender a una persona acusada. Todos ten\u00edan miedo, y \u00e9l fue a declarar a mi favor y eso<br>se lo agradezco\u201d, precis\u00f3.<br>En tanto, el sacerdote diocesano, Marcos Buvinic, expres\u00f3 la cercan\u00eda de Alejandro Goic<br>con la comunidad. \u201cEra un tipo alto, carism\u00e1tico, con cercan\u00eda a las personas. Ese equipo<br>formado por el Capit\u00e1n Soto, Esteban Fetis, fue muy importante, porque se trat\u00f3 de la<br>primera ayuda institucional que recibieron las v\u00edctimas de los derechos humanos y sus<br>familias en tiempos de miedo, incertidumbre y donde la palabra de Dios requer\u00eda acci\u00f3n<br>inmediata\u201d, indic\u00f3.<br>El legado de Esteban Fetis fue reactivado con mucha fuerza en la d\u00e9cada del ochenta, a<br>trav\u00e9s del pastor, Benjam\u00edn Rodr\u00edguez. Este \u00faltimo form\u00f3 el Proyecto Metodista de Salud<br>PRO.ME.SA.<br>Los a\u00f1os ochenta fueron agitados. La crisis econ\u00f3mico y el despertar de los movimiento<br>sociales sellaron el fin de la d\u00e9cada con la derrota, despu\u00e9s de 17 a\u00f1os en las urnas del<br>general Pinochet. En el caso de Magallanes, el Puntarenazo y el atentado a la parroquia<br>de F\u00e1tima marcaron un hito que hasta el d\u00eda de hoy se escribe.<\/p>\n","protected":false},"excerpt":{"rendered":"<p>A menos de un mes de ocurrido el golpe militar, las iglesias Cat\u00f3lica, Metodista, y elEj\u00e9rcito de Salvaci\u00f3n abrieron sus puertas a las v\u00edctimas de violaci\u00f3n a los derechoshumanos y&#8230; <a class=\"read-more\" href=\"https:\/\/www.radiopresidenteibanez.cl\/web\/gobierno-reconoce-a-defensores-de-los-derechos-humanos-y-promueve-agenda-de-visibilizacion-de-sitios-de-memoria\/\">Leer m\u00e1s<\/a><\/p>\n","protected":false},"author":2,"featured_media":39156,"comment_status":"closed","ping_status":"closed","sticky":false,"template":"","format":"standard","meta":{"footnotes":""},"categories":[1],"tags":[],"class_list":["post-39155","post","type-post","status-publish","format-standard","has-post-thumbnail","hentry","category-cronica"],"_links":{"self":[{"href":"https:\/\/www.radiopresidenteibanez.cl\/web\/wp-json\/wp\/v2\/posts\/39155","targetHints":{"allow":["GET"]}}],"collection":[{"href":"https:\/\/www.radiopresidenteibanez.cl\/web\/wp-json\/wp\/v2\/posts"}],"about":[{"href":"https:\/\/www.radiopresidenteibanez.cl\/web\/wp-json\/wp\/v2\/types\/post"}],"author":[{"embeddable":true,"href":"https:\/\/www.radiopresidenteibanez.cl\/web\/wp-json\/wp\/v2\/users\/2"}],"replies":[{"embeddable":true,"href":"https:\/\/www.radiopresidenteibanez.cl\/web\/wp-json\/wp\/v2\/comments?post=39155"}],"version-history":[{"count":0,"href":"https:\/\/www.radiopresidenteibanez.cl\/web\/wp-json\/wp\/v2\/posts\/39155\/revisions"}],"wp:featuredmedia":[{"embeddable":true,"href":"https:\/\/www.radiopresidenteibanez.cl\/web\/wp-json\/wp\/v2\/media\/39156"}],"wp:attachment":[{"href":"https:\/\/www.radiopresidenteibanez.cl\/web\/wp-json\/wp\/v2\/media?parent=39155"}],"wp:term":[{"taxonomy":"category","embeddable":true,"href":"https:\/\/www.radiopresidenteibanez.cl\/web\/wp-json\/wp\/v2\/categories?post=39155"},{"taxonomy":"post_tag","embeddable":true,"href":"https:\/\/www.radiopresidenteibanez.cl\/web\/wp-json\/wp\/v2\/tags?post=39155"}],"curies":[{"name":"wp","href":"https:\/\/api.w.org\/{rel}","templated":true}]}}