{"id":39146,"date":"2023-04-24T12:10:00","date_gmt":"2023-04-24T15:10:00","guid":{"rendered":"https:\/\/www.radiopresidenteibanez.cl\/web\/?p=39146"},"modified":"2023-04-24T08:46:01","modified_gmt":"2023-04-24T11:46:01","slug":"slep-magallanes-y-fundacion-integra-apoyaran-trayectorias-educativas-de-ninos-y-ninas-de-jardines-infantiles","status":"publish","type":"post","link":"https:\/\/www.radiopresidenteibanez.cl\/web\/slep-magallanes-y-fundacion-integra-apoyaran-trayectorias-educativas-de-ninos-y-ninas-de-jardines-infantiles\/","title":{"rendered":"SLEP MAGALLANES Y FUNDACI\u00d3N INTEGRA APOYAR\u00c1N TRAYECTORIAS EDUCATIVAS DE NI\u00d1OS Y NI\u00d1AS DE JARDINES INFANTILES"},"content":{"rendered":"\n<p>Enfocados en la reactivaci\u00f3n educativa de los aprendizajes, el director regional de Fundaci\u00f3n Integra de Magallanes, Alan Carrasco, junto a Mario Garc\u00eda Mart\u00ednez, director ejecutivo del SLEP Magallanes, acordaron abordar durante el segundo semestre de este a\u00f1o, un plan de trabajo que permita asegurar las trayectorias educativas de ni\u00f1os y ni\u00f1as de los jardines infantiles en su paso al primero b\u00e1sico.<\/p>\n\n\n\n<p>De este modo, ambas instituciones acordaron llevar a cabo una amplia&nbsp;difusi\u00f3n de todos los proyectos educativos de las escuelas p\u00fablicas de la regi\u00f3n entre las y los apoderados de jardines infantiles Integra, de manera de enfatizar en la disponibilidad de cupos en escuelas de la nueva educaci\u00f3n p\u00fablica, proceso que entregar\u00e1 mayor seguridad y confianza a las familias que deber\u00e1n buscar un establecimiento de calidad a trav\u00e9s del SLEP.<\/p>\n\n\n\n<p>\u201cEn ese marco de acci\u00f3n, para nosotros es esencial dar continuidad a la trayectoria educativa de nuestros ni\u00f1os y ni\u00f1as para lo cual estamos viendo la forma de favorecer y fortalecer esta continuidad en los establecimientos p\u00fablicos del SLEP Magallanes, de manera tal que estas familias puedan acceder a una educaci\u00f3n de calidad. Para eso trabajaremos mancomunadamente con el Servicio Local\u201d, dijo&nbsp;<strong>Alan Carrasco, director regional de Fundaci\u00f3n Integra en Magallanes.<\/strong><\/p>\n\n\n\n<p>Por su parte, el&nbsp;<strong>director ejecutivo del SLEP Magallanes, Mario Garc\u00eda Mart\u00ednez<\/strong>, relev\u00f3 la importancia del fortalecimiento de la Educaci\u00f3n P\u00fablica en la primera infancia. \u201cTodos estos esfuerzos que realizamos junto a las instituciones de educaci\u00f3n de la regi\u00f3n, tienen como fin enfocar nuestro trabajo en las familias, para que conf\u00edan en la educaci\u00f3n p\u00fablica que vuelve al Estado. En cuanto a la educaci\u00f3n parvularia, esperamos dirigir nuestros esfuerzos en reactivar los aprendizajes, apoyar la salud mental de las y los peque\u00f1os estudiantes y garantizar las trayectorias educativas, de la mano de Fundaci\u00f3n Integra\u201d.<\/p>\n\n\n\n<p>Fundaci\u00f3n Integra tiene como objetivo entregar educaci\u00f3n parvularia de calidad y gratuita, funci\u00f3n que realiza desde hace 32 a\u00f1os, a trav\u00e9s de 1.200 salas cuna en todo el pa\u00eds. En la regi\u00f3n de Magallanes la entrega en 12 unidades educativas, potenciando la disponibilidad de espacios de bienestar, cuidado y sobre todo de aprendizajes a ni\u00f1os y ni\u00f1as, en la l\u00ednea de la reactivaci\u00f3n de los aprendizajes.<\/p>\n","protected":false},"excerpt":{"rendered":"<p>Enfocados en la reactivaci\u00f3n educativa de los aprendizajes, el director regional de Fundaci\u00f3n Integra de Magallanes, Alan Carrasco, junto a Mario Garc\u00eda Mart\u00ednez, director ejecutivo del SLEP Magallanes, acordaron abordar&#8230; <a class=\"read-more\" href=\"https:\/\/www.radiopresidenteibanez.cl\/web\/slep-magallanes-y-fundacion-integra-apoyaran-trayectorias-educativas-de-ninos-y-ninas-de-jardines-infantiles\/\">Leer m\u00e1s<\/a><\/p>\n","protected":false},"author":2,"featured_media":39147,"comment_status":"closed","ping_status":"closed","sticky":false,"template":"","format":"standard","meta":{"footnotes":""},"categories":[1],"tags":[],"class_list":["post-39146","post","type-post","status-publish","format-standard","has-post-thumbnail","hentry","category-cronica"],"_links":{"self":[{"href":"https:\/\/www.radiopresidenteibanez.cl\/web\/wp-json\/wp\/v2\/posts\/39146","targetHints":{"allow":["GET"]}}],"collection":[{"href":"https:\/\/www.radiopresidenteibanez.cl\/web\/wp-json\/wp\/v2\/posts"}],"about":[{"href":"https:\/\/www.radiopresidenteibanez.cl\/web\/wp-json\/wp\/v2\/types\/post"}],"author":[{"embeddable":true,"href":"https:\/\/www.radiopresidenteibanez.cl\/web\/wp-json\/wp\/v2\/users\/2"}],"replies":[{"embeddable":true,"href":"https:\/\/www.radiopresidenteibanez.cl\/web\/wp-json\/wp\/v2\/comments?post=39146"}],"version-history":[{"count":0,"href":"https:\/\/www.radiopresidenteibanez.cl\/web\/wp-json\/wp\/v2\/posts\/39146\/revisions"}],"wp:featuredmedia":[{"embeddable":true,"href":"https:\/\/www.radiopresidenteibanez.cl\/web\/wp-json\/wp\/v2\/media\/39147"}],"wp:attachment":[{"href":"https:\/\/www.radiopresidenteibanez.cl\/web\/wp-json\/wp\/v2\/media?parent=39146"}],"wp:term":[{"taxonomy":"category","embeddable":true,"href":"https:\/\/www.radiopresidenteibanez.cl\/web\/wp-json\/wp\/v2\/categories?post=39146"},{"taxonomy":"post_tag","embeddable":true,"href":"https:\/\/www.radiopresidenteibanez.cl\/web\/wp-json\/wp\/v2\/tags?post=39146"}],"curies":[{"name":"wp","href":"https:\/\/api.w.org\/{rel}","templated":true}]}}