{"id":39143,"date":"2023-04-24T11:17:00","date_gmt":"2023-04-24T14:17:00","guid":{"rendered":"https:\/\/www.radiopresidenteibanez.cl\/web\/?p=39143"},"modified":"2023-04-24T08:36:54","modified_gmt":"2023-04-24T11:36:54","slug":"un-paredon-exijo-con-cal-y-canto-para-que-el-pueblo-juzgue-de-tanto-en-tanto-canta-patricio-manns","status":"publish","type":"post","link":"https:\/\/www.radiopresidenteibanez.cl\/web\/un-paredon-exijo-con-cal-y-canto-para-que-el-pueblo-juzgue-de-tanto-en-tanto-canta-patricio-manns\/","title":{"rendered":"\u00ab..Un pared\u00f3n exijo con cal y canto para que el pueblo juzgue de tanto en tanto..\u00bb  Canta Patricio Manns"},"content":{"rendered":"\n<p>\u00bfHasta cuando seguiremos siendo tratados como animales, qu\u00e9 futuro para nuestros hijos, mujer?, ni siquiera hemos podido comprarles zapatos, un traje bonito y van por ah\u00ed jugando sin juguetes, mirando a los hijos de los ricos.<br>\u00bfEscuchas?, los desgraciados tienen m\u00fasica, se divierten y nosotros ni siquiera un chonch\u00f3n para vernos las caras. Ahora cantan, seguro comen hasta hartarse para luego tirar las sobras a los perros.<br>Si hasta sus perros viven mejor que nosotros, no van por alimentos a la pulper\u00eda, los ba\u00f1an y les cepillan el pelo, hasta duermen mejor que t\u00fa y yo. Patrones malditos, cerdos de mierda, como quisiera matarlos con estas manos.<br>Y repartir entre los compa\u00f1eros todo lo que tienen, que se lo han obtenido. con nuestro esfuerzo, nuestro sudor, nuestra sangre..<br>Ella, acurrucada en la banca de madera, le escuchaba y pensaba en esas tierras del sur que dejaron siguiendo la invitaci\u00f3n de otros como ellos. Desde entonces nada que valiera la pena, solo hambre, miseria, fr\u00edo y calor. A\u00fan as\u00ed, tem\u00eda lo peor cuando lo escuchaba maldecir.<br>-Sabes que ir\u00e9 donde vayas, dijo mientras seca las l\u00e1grimas. Ya protestamos y nos tiraron las pocas cosas a la pampa en Pirineos, Santa Elena, Mapocho, Enriqueta, Uni\u00f3n, y tantas otras oficinas. Pero no importa seguiremos juntos, cada vez son m\u00e1s los que dicen basta, y yo vine para estar contigo. Solo me pregunto si valdr\u00e1 la pena esta vez, s\u00ed ser\u00e1 distinto, si por fin encontraremos algo de esa paz que tanto hemos buscado\u00bb.<\/p>\n\n\n\n<p>2.- \u00ab-Tu arregla nuestra pocas cosas dijo \u00e9l, no ser\u00e1 mucho con lo que carguemos. No te preocupes, ahora somos muchos, muchos los que resolvimos marchar, nos vamos todos de este lugar de mierda, nos vamos al puerto a reclamar lo nuestro que tampoco es tanto como para que lo nieguen. Nos vamos y ser\u00e1 triunfar o morir, yo no vuelvo m\u00e1s a esta pampa en la condiciones en que estamos.<br>Si nos derrotan me quedar\u00e9 en el puerto, me enterraras en lo alto, mirando el mar\u00bb.<br>*Del libro \u00abLo juramos compa\u00f1eros, ese d\u00eda llegar\u00e1\u00bb<\/p>\n","protected":false},"excerpt":{"rendered":"<p>\u00bfHasta cuando seguiremos siendo tratados como animales, qu\u00e9 futuro para nuestros hijos, mujer?, ni siquiera hemos podido comprarles zapatos, un traje bonito y van por ah\u00ed jugando sin juguetes, mirando&#8230; <a class=\"read-more\" href=\"https:\/\/www.radiopresidenteibanez.cl\/web\/un-paredon-exijo-con-cal-y-canto-para-que-el-pueblo-juzgue-de-tanto-en-tanto-canta-patricio-manns\/\">Leer m\u00e1s<\/a><\/p>\n","protected":false},"author":2,"featured_media":39144,"comment_status":"closed","ping_status":"closed","sticky":false,"template":"","format":"standard","meta":{"footnotes":""},"categories":[1],"tags":[],"class_list":["post-39143","post","type-post","status-publish","format-standard","has-post-thumbnail","hentry","category-cronica"],"_links":{"self":[{"href":"https:\/\/www.radiopresidenteibanez.cl\/web\/wp-json\/wp\/v2\/posts\/39143","targetHints":{"allow":["GET"]}}],"collection":[{"href":"https:\/\/www.radiopresidenteibanez.cl\/web\/wp-json\/wp\/v2\/posts"}],"about":[{"href":"https:\/\/www.radiopresidenteibanez.cl\/web\/wp-json\/wp\/v2\/types\/post"}],"author":[{"embeddable":true,"href":"https:\/\/www.radiopresidenteibanez.cl\/web\/wp-json\/wp\/v2\/users\/2"}],"replies":[{"embeddable":true,"href":"https:\/\/www.radiopresidenteibanez.cl\/web\/wp-json\/wp\/v2\/comments?post=39143"}],"version-history":[{"count":0,"href":"https:\/\/www.radiopresidenteibanez.cl\/web\/wp-json\/wp\/v2\/posts\/39143\/revisions"}],"wp:featuredmedia":[{"embeddable":true,"href":"https:\/\/www.radiopresidenteibanez.cl\/web\/wp-json\/wp\/v2\/media\/39144"}],"wp:attachment":[{"href":"https:\/\/www.radiopresidenteibanez.cl\/web\/wp-json\/wp\/v2\/media?parent=39143"}],"wp:term":[{"taxonomy":"category","embeddable":true,"href":"https:\/\/www.radiopresidenteibanez.cl\/web\/wp-json\/wp\/v2\/categories?post=39143"},{"taxonomy":"post_tag","embeddable":true,"href":"https:\/\/www.radiopresidenteibanez.cl\/web\/wp-json\/wp\/v2\/tags?post=39143"}],"curies":[{"name":"wp","href":"https:\/\/api.w.org\/{rel}","templated":true}]}}