{"id":39140,"date":"2023-04-24T10:32:00","date_gmt":"2023-04-24T13:32:00","guid":{"rendered":"https:\/\/www.radiopresidenteibanez.cl\/web\/?p=39140"},"modified":"2023-04-24T08:34:13","modified_gmt":"2023-04-24T11:34:13","slug":"cft-de-magallanes-celebro-un-nuevo-inicio-de-ano-academico-con-anuncio-de-certamen-regional-de-innovacion-y-emprendimiento","status":"publish","type":"post","link":"https:\/\/www.radiopresidenteibanez.cl\/web\/cft-de-magallanes-celebro-un-nuevo-inicio-de-ano-academico-con-anuncio-de-certamen-regional-de-innovacion-y-emprendimiento\/","title":{"rendered":"CFT DE MAGALLANES CELEBRO UN NUEVO INICIO DE A\u00d1O ACADEMICO CON ANUNCIO DE CERTAMEN REGIONAL DE INNOVACION Y EMPRENDIMIENTO"},"content":{"rendered":"\n<p>En la sede de Porvenir, del Centro de Formaci\u00f3n T\u00e9cnica Estatal de Magallanes (CFT), se celebr\u00f3 el pasado mi\u00e9rcoles (19 de abril) la Ceremonia de Inicio de A\u00f1o Acad\u00e9mico 2023, acto en el que participaron diferentes autoridades locales y representantes institucionales de otras partes del pa\u00eds, entre ellos, Rodrigo Jarufe, presidente del consejo de rectores de Centros de Formaci\u00f3n T\u00e9cnica Estatales de Chile (CFTECH). En la oportunidad, adem\u00e1s de darle inicio formal a las actividades del a\u00f1o, se dio a conocer el Torneo PataGOn!a, iniciativa que desea reunir a estudiantes de todas las casas de estudios superiores que existen en la Regi\u00f3n de Magallanes para que propongan soluciones de emprendimiento e innovaci\u00f3n.<\/p>\n\n\n\n<p>Estudiantes, autoridades y representantes del sector p\u00fablico y privado se dieron cita para participar en la actividad, en la cual el rector de la instituci\u00f3n, Christian Quezada, inst\u00f3 a las personas que cursan sus estudios de manera presencial en Porvenir, a esforzarse, a perseverar, y destac\u00f3 el doble rol que muchas de ellas y ellos sostienen a diario como estudiantes y trabajadores.<\/p>\n\n\n\n<p>\u201cEsperamos que este a\u00f1o 2023 sea muy exitoso, sobre todo para nuestras y nuestros estudiantes, esperando que sea un proceso muy contributivo en el \u00e1mbito formativo y personal, pero adem\u00e1s en el desarrollo personal de las y los futuros t\u00e9cnicos profesionales que van a contribuir al desarrollo, tanto de la Provincia de Tierra del Fuego, como de la regi\u00f3n\u201d, coment\u00f3 Quezada al t\u00e9rmino de la ceremonia.<\/p>\n\n\n\n<p>El alcalde de la capital fueguina, Jos\u00e9 Gabriel Parada, coment\u00f3 por su parte: \u201cCelebrar un inicio de a\u00f1o acad\u00e9mico m\u00e1s, porque sabemos que hay un gran esfuerzo detr\u00e1s de la instituci\u00f3n, de los docentes, el cuerpo administrativo y todos los equipos que apoyan a los estudiantes; y una alternativa, no solo para los habitantes de Porvenir, sino tambi\u00e9n para otras comunas de la regi\u00f3n\u201d.<\/p>\n\n\n\n<p>El rector del CFT de la Regi\u00f3n de Valpara\u00edso y presidente del Consejo CFTECH, Rodrigo Jarufe, destac\u00f3 la relevancia de estar presente en el CFT m\u00e1s austral de Chile: \u201cFeliz de estar aqu\u00ed representando a los 14 rectores que acompa\u00f1amos al d\u00e9cimo quinto (Christian Quezada) a quien le deseamos todo el \u00e9xito (\u2026) los estudiantes son el alma de estas instituciones, todo lo que hacemos gira entorno de que ellos puedan conseguir su t\u00edtulo y puedan desempe\u00f1arse bien en el mundo laboral\u201d.<\/p>\n","protected":false},"excerpt":{"rendered":"<p>En la sede de Porvenir, del Centro de Formaci\u00f3n T\u00e9cnica Estatal de Magallanes (CFT), se celebr\u00f3 el pasado mi\u00e9rcoles (19 de abril) la Ceremonia de Inicio de A\u00f1o Acad\u00e9mico 2023,&#8230; <a class=\"read-more\" href=\"https:\/\/www.radiopresidenteibanez.cl\/web\/cft-de-magallanes-celebro-un-nuevo-inicio-de-ano-academico-con-anuncio-de-certamen-regional-de-innovacion-y-emprendimiento\/\">Leer m\u00e1s<\/a><\/p>\n","protected":false},"author":2,"featured_media":39141,"comment_status":"closed","ping_status":"closed","sticky":false,"template":"","format":"standard","meta":{"footnotes":""},"categories":[1],"tags":[],"class_list":["post-39140","post","type-post","status-publish","format-standard","has-post-thumbnail","hentry","category-cronica"],"_links":{"self":[{"href":"https:\/\/www.radiopresidenteibanez.cl\/web\/wp-json\/wp\/v2\/posts\/39140","targetHints":{"allow":["GET"]}}],"collection":[{"href":"https:\/\/www.radiopresidenteibanez.cl\/web\/wp-json\/wp\/v2\/posts"}],"about":[{"href":"https:\/\/www.radiopresidenteibanez.cl\/web\/wp-json\/wp\/v2\/types\/post"}],"author":[{"embeddable":true,"href":"https:\/\/www.radiopresidenteibanez.cl\/web\/wp-json\/wp\/v2\/users\/2"}],"replies":[{"embeddable":true,"href":"https:\/\/www.radiopresidenteibanez.cl\/web\/wp-json\/wp\/v2\/comments?post=39140"}],"version-history":[{"count":0,"href":"https:\/\/www.radiopresidenteibanez.cl\/web\/wp-json\/wp\/v2\/posts\/39140\/revisions"}],"wp:featuredmedia":[{"embeddable":true,"href":"https:\/\/www.radiopresidenteibanez.cl\/web\/wp-json\/wp\/v2\/media\/39141"}],"wp:attachment":[{"href":"https:\/\/www.radiopresidenteibanez.cl\/web\/wp-json\/wp\/v2\/media?parent=39140"}],"wp:term":[{"taxonomy":"category","embeddable":true,"href":"https:\/\/www.radiopresidenteibanez.cl\/web\/wp-json\/wp\/v2\/categories?post=39140"},{"taxonomy":"post_tag","embeddable":true,"href":"https:\/\/www.radiopresidenteibanez.cl\/web\/wp-json\/wp\/v2\/tags?post=39140"}],"curies":[{"name":"wp","href":"https:\/\/api.w.org\/{rel}","templated":true}]}}