{"id":39137,"date":"2023-04-24T09:24:00","date_gmt":"2023-04-24T12:24:00","guid":{"rendered":"https:\/\/www.radiopresidenteibanez.cl\/web\/?p=39137"},"modified":"2023-04-24T08:28:40","modified_gmt":"2023-04-24T11:28:40","slug":"desde-este-lunes-estaran-disponibles-las-bases-del-proximo-festival-folclorico-en-la-patagonia-2023","status":"publish","type":"post","link":"https:\/\/www.radiopresidenteibanez.cl\/web\/desde-este-lunes-estaran-disponibles-las-bases-del-proximo-festival-folclorico-en-la-patagonia-2023\/","title":{"rendered":"DESDE ESTE LUNES ESTAR\u00c1N DISPONIBLES LAS BASES DEL PR\u00d3XIMO FESTIVAL FOLCL\u00d3RICO EN LA PATAGONIA 2023"},"content":{"rendered":"\n<p>Uno de los principales eventos que tenemos en nuestra ciudad, es el Festival Folcl\u00f3rico en la Patagonia, certamen que ya empieza a definir sus primeras fechas y actividades relacionadas, raz\u00f3n por la cual durante esta jornada, el Alcalde Claudio Radonich, junto al concejal Jorge Risco, dieron a conocer los detalles de lo que ser\u00e1 la competencia para esta versi\u00f3n 2023.<\/p>\n\n\n\n<p>En la ocasi\u00f3n se confirm\u00f3 que desde este pr\u00f3ximo lunes 24 de abril, estar\u00e1n disponibles las bases para este hist\u00f3rico certamen art\u00edstico, las cuales podr\u00e1n ser revisadas y descargadas desde el sitio web del municipio&nbsp;<a href=\"http:\/\/www.puntaarenas.cl\/\" target=\"_blank\" rel=\"noreferrer noopener\">www.puntaarenas.cl<\/a><\/p>\n\n\n\n<p>Seg\u00fan lo informado por Claudio Radonich, Alcalde de Punta Arenas, \u201cpara esta versi\u00f3n tendremos 12 canciones en competencia, de las cuales 4 ser\u00e1n regionales, 4 nacionales y 4 extranjeras, as\u00ed que estamos muy contentos del trabajo que se ha realizado por medio de la comisi\u00f3n encabezada por el concejal Jorge Risco\u201d.<\/p>\n\n\n\n<p>De igual forma, se inform\u00f3 que una de las novedades en ese \u00e1mbito del Festival, ser\u00e1 la incorporaci\u00f3n directa de una canci\u00f3n representante de la ciudad argentina de Rio Grande, luego de un convenio de colaboraci\u00f3n firmado entre ambas localidades.<\/p>\n\n\n\n<p>En cuanto al Festival propiamente tal, el Alcalde Radonich detall\u00f3 que \u201cser\u00e1n tres jornadas de fiesta, que se desarrollar\u00e1n los d\u00edas 24 -25 y 26 de agosto, en el gimnasio de la Confederaci\u00f3n Deportiva, instancia en la que el arte y folclor se re\u00fanen en Magallanes, en uno de los eventos m\u00e1s importante del invierno, tanto en Chile como en Argentina\u201d.<\/p>\n\n\n\n<p>Asimismo, Jorge Risco, concejal de la comuna, expres\u00f3 que \u201cvolvemos a tener una competencia internacional, lo que suma un ingrediente importante para esta versi\u00f3n del Festival\u201d.<\/p>\n\n\n\n<p>Risco, reiter\u00f3 que \u201clas canciones deben ser in\u00e9ditas tanto en texto como en m\u00fasica, pero sabemos que ya hay mucho inter\u00e9s en participar, as\u00ed que esperamos contar con una gran cantidad de canciones en competencia\u201d.<\/p>\n\n\n\n<p>Las bases estar\u00e1n disponibles en&nbsp;<a href=\"http:\/\/www.puntaarenas.cl\/\" target=\"_blank\" rel=\"noreferrer noopener\">www.puntaarenas.cl<\/a>&nbsp;desde este lunes 24 de abril, y a partir del 15 de mayo y hasta el 21 de junio se realizar\u00e1 el proceso de selecci\u00f3n para lo que ser\u00e1 el Pre-Festival, el cual se concretar\u00e1 el d\u00eda 11 de agosto del presente a\u00f1o.<\/p>\n","protected":false},"excerpt":{"rendered":"<p>Uno de los principales eventos que tenemos en nuestra ciudad, es el Festival Folcl\u00f3rico en la Patagonia, certamen que ya empieza a definir sus primeras fechas y actividades relacionadas, raz\u00f3n&#8230; <a class=\"read-more\" href=\"https:\/\/www.radiopresidenteibanez.cl\/web\/desde-este-lunes-estaran-disponibles-las-bases-del-proximo-festival-folclorico-en-la-patagonia-2023\/\">Leer m\u00e1s<\/a><\/p>\n","protected":false},"author":2,"featured_media":39138,"comment_status":"closed","ping_status":"closed","sticky":false,"template":"","format":"standard","meta":{"footnotes":""},"categories":[1],"tags":[],"class_list":["post-39137","post","type-post","status-publish","format-standard","has-post-thumbnail","hentry","category-cronica"],"_links":{"self":[{"href":"https:\/\/www.radiopresidenteibanez.cl\/web\/wp-json\/wp\/v2\/posts\/39137","targetHints":{"allow":["GET"]}}],"collection":[{"href":"https:\/\/www.radiopresidenteibanez.cl\/web\/wp-json\/wp\/v2\/posts"}],"about":[{"href":"https:\/\/www.radiopresidenteibanez.cl\/web\/wp-json\/wp\/v2\/types\/post"}],"author":[{"embeddable":true,"href":"https:\/\/www.radiopresidenteibanez.cl\/web\/wp-json\/wp\/v2\/users\/2"}],"replies":[{"embeddable":true,"href":"https:\/\/www.radiopresidenteibanez.cl\/web\/wp-json\/wp\/v2\/comments?post=39137"}],"version-history":[{"count":0,"href":"https:\/\/www.radiopresidenteibanez.cl\/web\/wp-json\/wp\/v2\/posts\/39137\/revisions"}],"wp:featuredmedia":[{"embeddable":true,"href":"https:\/\/www.radiopresidenteibanez.cl\/web\/wp-json\/wp\/v2\/media\/39138"}],"wp:attachment":[{"href":"https:\/\/www.radiopresidenteibanez.cl\/web\/wp-json\/wp\/v2\/media?parent=39137"}],"wp:term":[{"taxonomy":"category","embeddable":true,"href":"https:\/\/www.radiopresidenteibanez.cl\/web\/wp-json\/wp\/v2\/categories?post=39137"},{"taxonomy":"post_tag","embeddable":true,"href":"https:\/\/www.radiopresidenteibanez.cl\/web\/wp-json\/wp\/v2\/tags?post=39137"}],"curies":[{"name":"wp","href":"https:\/\/api.w.org\/{rel}","templated":true}]}}