{"id":39091,"date":"2023-04-21T12:32:00","date_gmt":"2023-04-21T15:32:00","guid":{"rendered":"https:\/\/www.radiopresidenteibanez.cl\/web\/?p=39091"},"modified":"2023-04-21T10:16:13","modified_gmt":"2023-04-21T13:16:13","slug":"titulares-de-derechos-de-aguas-subterraneas-de-magallanes-deberan-sumarse-al-sistema-de-monitoreo-de-extracciones-efectivas-de-la-dga-del-mop","status":"publish","type":"post","link":"https:\/\/www.radiopresidenteibanez.cl\/web\/titulares-de-derechos-de-aguas-subterraneas-de-magallanes-deberan-sumarse-al-sistema-de-monitoreo-de-extracciones-efectivas-de-la-dga-del-mop\/","title":{"rendered":"TITULARES DE DERECHOS DE AGUAS SUBTERRANEAS DE MAGALLANES DEBERAN SUMARSE AL SISTEMA DE MONITOREO DE EXTRACCIONES EFECTIVAS DE LA DGA DEL MOP"},"content":{"rendered":"\n<p>Como una forma de verificar que las aguas extra\u00eddas coincidan efectivamente con el derecho de aprovechamiento de agua otorgado y conocer el estado de la disponibilidad h\u00eddrica, la Direcci\u00f3n General de Aguas del Ministerio de Obras P\u00fablicas desde el 2019 comenz\u00f3 la implementaci\u00f3n del sistema de monitoreo de extracciones efectivas (MEE) para aguas superficiales y subterr\u00e1neas en todo el pa\u00eds; sin embargo, reci\u00e9n el a\u00f1o 2021 la regi\u00f3n de Magallanes se incorpor\u00f3 al sistema de MEE en lo que respecta a aguas superficiales y desde este s\u00e1bado 15 de abril, se suman las aguas subterr\u00e1neas.<\/p>\n\n\n\n<p>La directora regional de Aguas del MOP Magallanes, Lorena Olivares, inform\u00f3 que este sistema consiste en la instalaci\u00f3n de medidores que permitan a la DGA hacer dicha verificaci\u00f3n, lo cual se ha ido implementando paulatinamente en las cuencas de la regi\u00f3n desde 2021. Resalt\u00f3 que desde este mes se deber\u00e1n incorporar las y los usuarios de aguas subterr\u00e1neas con puntos de captaci\u00f3n en toda la regi\u00f3n de Magallanes, seg\u00fan indica la resoluci\u00f3n publicada el 15 de abril en el Diario Oficial que ordena instalar y mantener sistemas de medici\u00f3n y de transmisi\u00f3n de extracciones efectivas.<\/p>\n\n\n\n<p>En el caso de aguas superficiales, desde agosto de 2021 la medida est\u00e1 vigente en las cuencas costeras entre seno Andrew y r\u00edo Hollemberg e islas al oriente y costeras entre laguna Blanca, seno Otway, canal Jer\u00f3nimo y Magallanes. En diciembre de ese a\u00f1o se sumaron las cuencas costeras e islas entre r\u00edo Hollemberg, golfo Almirante Montt y laguna Blanca; vertiente del Atl\u00e1ntico y Tierra del Fuego. Mientras que en mayo de 2022 se incorporaron las cuencas r\u00edo Pascua, costeras entre l\u00edmite regi\u00f3n y seno Andrew, islas entre l\u00edmite regi\u00f3n y canal ancho y estrecho de La Concepci\u00f3n; islas entre canales Concepci\u00f3n, Sarmiento y estrecho de Magallanes; Vertiente del Atl\u00e1ntico, islas al sur del estrecho de Magallanes, e islas al sur del canal Beagle y territorio ant\u00e1rtico.<\/p>\n\n\n\n<p>En cuanto a los titulares de aguas subterr\u00e1neas, la obligaci\u00f3n de sumarse al monitoreo de extracciones efectivas rige a contar del 15 de abril de este a\u00f1o, determin\u00e1ndose plazos y est\u00e1ndares para la instalaci\u00f3n del dispositivo correspondiente y la posterior transmisi\u00f3n de los datos.<\/p>\n\n\n\n<p>\u201cLa resoluci\u00f3n establece las condiciones t\u00e9cnicas para el sistema de medici\u00f3n, sistema de transmisi\u00f3n, mantenci\u00f3n y falla de los sistemas; niveles de exigencia seg\u00fan los caudales otorgados que var\u00edan desde peque\u00f1o, menor, medio y mayor; y plazos para inscribir la obra en el sistema y comenzar a transmitir la informaci\u00f3n\u201d, coment\u00f3 la directora regional de Aguas.<\/p>\n\n\n\n<p>Los plazos para instalar el sistema de medici\u00f3n y registrar la obra de captaci\u00f3n en el software DGA de MEE var\u00eda entre 24 y 4 meses seg\u00fan el caudal y adem\u00e1s, hay un plazo para realizar la instalaci\u00f3n del sistema de transmisi\u00f3n y comenzar las transmisiones, que fluct\u00faa entre 30 y 5 meses.<\/p>\n\n\n\n<p>Olivares se\u00f1al\u00f3 que en lo inmediato, quienes deseen conocer sobre MEE de aguas subterr\u00e1neas podr\u00e1n participar de la capacitaci\u00f3n online que se realizar\u00e1 a nivel nacional el 27 de abril e igualmente habr\u00e1 una capacitaci\u00f3n de MEE de aguas superficiales, el 28 de abril. Ambas instancias se realizar\u00e1n de 11 a 12 horas, y la inscripci\u00f3n se debe hacer en la secci\u00f3n \u00abJornadas de capacitaci\u00f3n\u00bb del banner de MEE de la p\u00e1gina web DGA <a href=\"https:\/\/dga.mop.gob.cl\/\">https:\/\/dga.mop.gob.cl\/<\/a>.<\/p>\n","protected":false},"excerpt":{"rendered":"<p>Como una forma de verificar que las aguas extra\u00eddas coincidan efectivamente con el derecho de aprovechamiento de agua otorgado y conocer el estado de la disponibilidad h\u00eddrica, la Direcci\u00f3n General&#8230; <a class=\"read-more\" href=\"https:\/\/www.radiopresidenteibanez.cl\/web\/titulares-de-derechos-de-aguas-subterraneas-de-magallanes-deberan-sumarse-al-sistema-de-monitoreo-de-extracciones-efectivas-de-la-dga-del-mop\/\">Leer m\u00e1s<\/a><\/p>\n","protected":false},"author":2,"featured_media":39092,"comment_status":"closed","ping_status":"closed","sticky":false,"template":"","format":"standard","meta":{"footnotes":""},"categories":[1],"tags":[],"class_list":["post-39091","post","type-post","status-publish","format-standard","has-post-thumbnail","hentry","category-cronica"],"_links":{"self":[{"href":"https:\/\/www.radiopresidenteibanez.cl\/web\/wp-json\/wp\/v2\/posts\/39091","targetHints":{"allow":["GET"]}}],"collection":[{"href":"https:\/\/www.radiopresidenteibanez.cl\/web\/wp-json\/wp\/v2\/posts"}],"about":[{"href":"https:\/\/www.radiopresidenteibanez.cl\/web\/wp-json\/wp\/v2\/types\/post"}],"author":[{"embeddable":true,"href":"https:\/\/www.radiopresidenteibanez.cl\/web\/wp-json\/wp\/v2\/users\/2"}],"replies":[{"embeddable":true,"href":"https:\/\/www.radiopresidenteibanez.cl\/web\/wp-json\/wp\/v2\/comments?post=39091"}],"version-history":[{"count":0,"href":"https:\/\/www.radiopresidenteibanez.cl\/web\/wp-json\/wp\/v2\/posts\/39091\/revisions"}],"wp:featuredmedia":[{"embeddable":true,"href":"https:\/\/www.radiopresidenteibanez.cl\/web\/wp-json\/wp\/v2\/media\/39092"}],"wp:attachment":[{"href":"https:\/\/www.radiopresidenteibanez.cl\/web\/wp-json\/wp\/v2\/media?parent=39091"}],"wp:term":[{"taxonomy":"category","embeddable":true,"href":"https:\/\/www.radiopresidenteibanez.cl\/web\/wp-json\/wp\/v2\/categories?post=39091"},{"taxonomy":"post_tag","embeddable":true,"href":"https:\/\/www.radiopresidenteibanez.cl\/web\/wp-json\/wp\/v2\/tags?post=39091"}],"curies":[{"name":"wp","href":"https:\/\/api.w.org\/{rel}","templated":true}]}}