{"id":39082,"date":"2023-04-21T09:23:00","date_gmt":"2023-04-21T12:23:00","guid":{"rendered":"https:\/\/www.radiopresidenteibanez.cl\/web\/?p=39082"},"modified":"2023-04-21T08:20:51","modified_gmt":"2023-04-21T11:20:51","slug":"sag-llama-a-la-ciudadania-a-colaborar-en-el-control-de-la-influenza-aviar","status":"publish","type":"post","link":"https:\/\/www.radiopresidenteibanez.cl\/web\/sag-llama-a-la-ciudadania-a-colaborar-en-el-control-de-la-influenza-aviar\/","title":{"rendered":"SAG LLAMA A LA CIUDADANIA A COLABORAR EN EL CONTROL DE LA INFLUENZA AVIAR"},"content":{"rendered":"\n<p>El Servicio Agr\u00edcola y Ganadero de la regi\u00f3n de Magallanes hace un llamado a la ciudadan\u00eda a colaborar con las acciones de control de influenza aviar que inici\u00f3 el SAG tras la confirmaci\u00f3n del primer caso positivo detectado a comienzo de mes en aves de traspatio de la provincia de \u00daltima Esperanza.<\/p>\n\n\n\n<p>Jorge Haro D\u00edaz, director regional (s) de SAG Magallanes, se\u00f1al\u00f3 \u201cnuestros equipos se encuentran trabajando arduamente para controlar esta enfermedad, pero necesitamos que la comunidad nos brinde las facilidades para que los funcionarios puedan realizar su trabajo, permitiendo el ingreso sus propiedades, casas y predios, para tomar las muestras que permitan confirmar o descartar la presencia del virus\u201d.&nbsp;<\/p>\n\n\n\n<p>\u201cEntendemos que muchas familias mantienen aves de traspatio para autoconsumo, o como una forma de sustento, y que el sacrificio de sus aves en caso de detectarse un caso positivo, significa una situaci\u00f3n dif\u00edcil. Sin embargo, nuestro Servicio est\u00e1 obligado a hacer cumplir las medidas sanitarias que sean procedentes para contener y prevenir la propagaci\u00f3n de esta enfermedad, con el objeto de evitar que se comprometa la situaci\u00f3n sanitaria del pa\u00eds\u201d, puntualiz\u00f3 Haro.<\/p>\n\n\n\n<p>Por su parte, el encargado regional de protecci\u00f3n pecuaria y jefe de campa\u00f1a de influenza aviar de SAG Magallanes, Cesar Muller Guerrero, explic\u00f3 que existe un seguro que&nbsp;cubre sacrificios sanitarios de aves, decretados por presencia de enfermedades ex\u00f3ticas, en este caso, por influenza aviar. Al respecto, detall\u00f3 \u201cel seguro opera cuando existe una resoluci\u00f3n de sacrificio oficial (SAG), para casos en los que se demuestra la presencia de la enfermedad, o en caso de que haya riesgo de contagio en un \u00e1rea cercana a un foco positivo. Para activar el seguro, es necesario que quien sea propietario de las aves cuente con Rol \u00danico Pecuario (RUP), tr\u00e1mite que puede efectuar en la oficina SAG m\u00e1s cercana al domicilio, resoluci\u00f3n de sacrificio emitida por SAG y acta de sacrificio, requisitos que son tramitados internamente por SAG para gestionar el pago de la cobertura\u201d.&nbsp;<\/p>\n\n\n\n<p>\u201cInsistimos en el llamado a la comunidad a&nbsp;mantener a sus aves de traspatio encerradas y bajo techo, resguardando el alimento y agua de bebida, y si alguna presenta problemas respiratorios y\/o nerviosos, reportar de inmediato al SAG, evitando el traslado o manipulaci\u00f3n de estas\u201d, enfatiz\u00f3 M\u00fcller.<\/p>\n","protected":false},"excerpt":{"rendered":"<p>El Servicio Agr\u00edcola y Ganadero de la regi\u00f3n de Magallanes hace un llamado a la ciudadan\u00eda a colaborar con las acciones de control de influenza aviar que inici\u00f3 el SAG&#8230; <a class=\"read-more\" href=\"https:\/\/www.radiopresidenteibanez.cl\/web\/sag-llama-a-la-ciudadania-a-colaborar-en-el-control-de-la-influenza-aviar\/\">Leer m\u00e1s<\/a><\/p>\n","protected":false},"author":2,"featured_media":39083,"comment_status":"closed","ping_status":"closed","sticky":false,"template":"","format":"standard","meta":{"footnotes":""},"categories":[1],"tags":[],"class_list":["post-39082","post","type-post","status-publish","format-standard","has-post-thumbnail","hentry","category-cronica"],"_links":{"self":[{"href":"https:\/\/www.radiopresidenteibanez.cl\/web\/wp-json\/wp\/v2\/posts\/39082","targetHints":{"allow":["GET"]}}],"collection":[{"href":"https:\/\/www.radiopresidenteibanez.cl\/web\/wp-json\/wp\/v2\/posts"}],"about":[{"href":"https:\/\/www.radiopresidenteibanez.cl\/web\/wp-json\/wp\/v2\/types\/post"}],"author":[{"embeddable":true,"href":"https:\/\/www.radiopresidenteibanez.cl\/web\/wp-json\/wp\/v2\/users\/2"}],"replies":[{"embeddable":true,"href":"https:\/\/www.radiopresidenteibanez.cl\/web\/wp-json\/wp\/v2\/comments?post=39082"}],"version-history":[{"count":0,"href":"https:\/\/www.radiopresidenteibanez.cl\/web\/wp-json\/wp\/v2\/posts\/39082\/revisions"}],"wp:featuredmedia":[{"embeddable":true,"href":"https:\/\/www.radiopresidenteibanez.cl\/web\/wp-json\/wp\/v2\/media\/39083"}],"wp:attachment":[{"href":"https:\/\/www.radiopresidenteibanez.cl\/web\/wp-json\/wp\/v2\/media?parent=39082"}],"wp:term":[{"taxonomy":"category","embeddable":true,"href":"https:\/\/www.radiopresidenteibanez.cl\/web\/wp-json\/wp\/v2\/categories?post=39082"},{"taxonomy":"post_tag","embeddable":true,"href":"https:\/\/www.radiopresidenteibanez.cl\/web\/wp-json\/wp\/v2\/tags?post=39082"}],"curies":[{"name":"wp","href":"https:\/\/api.w.org\/{rel}","templated":true}]}}