{"id":39060,"date":"2023-04-20T13:44:00","date_gmt":"2023-04-20T16:44:00","guid":{"rendered":"https:\/\/www.radiopresidenteibanez.cl\/web\/?p=39060"},"modified":"2023-04-20T11:51:56","modified_gmt":"2023-04-20T14:51:56","slug":"nueva-gerente-de-hyst-se-reune-con-autoridades-regionales-para-fomentar-el-trabajo-publico-privado","status":"publish","type":"post","link":"https:\/\/www.radiopresidenteibanez.cl\/web\/nueva-gerente-de-hyst-se-reune-con-autoridades-regionales-para-fomentar-el-trabajo-publico-privado\/","title":{"rendered":"NUEVA GERENTE DE HYST SE REUNE CON AUTORIDADES REGIONALES PARA FOMENTAR EL TRABAJO PUBLICO &#8211; PRIVADO"},"content":{"rendered":"\n<p>La directiva de la Asociaci\u00f3n de Hoteles y Servicios Tur\u00edsticos de Torres del Paine, HYST, se reuni\u00f3 con autoridades de Magallanes para presentar a su nueva gerente Sara Adema Yusta.<\/p>\n\n\n\n<p>Junto con realizar el saludo protocolar al Gobernador Regional de Magallanes, Jorge Flies; y a la Seremi de Econom\u00eda, Fomento y Turismo, Ruth Saieh, los dirigentes del turismo de Torres del Paine expresaron su voluntad de continuar trabajando mancomunadamente en las pol\u00edticas que tienen relaci\u00f3n con el rubro, y aprovecharon la oportunidad para conversar sobre la pronta incorporaci\u00f3n de un representante en Sernatur Magallanes.<\/p>\n\n\n\n<p>Adem\u00e1s de felicitar a Sara Adema Yusta por su nuevo cargo, el Gobernador Jorge Flies resalt\u00f3 que \u201cel turismo es uno de los cinco ejes fundamentales del desarrollo y, especialmente, el sector con mayor \u00edmpetu hist\u00f3rico, cuya imagen del pa\u00eds es Torres del Paine, as\u00ed que esperamos que su gesti\u00f3n sea exitosa\u201d.<\/p>\n\n\n\n<p>Asimismo, la Seremi Ruth Saieh coment\u00f3 que \u201ccomo regi\u00f3n tenemos grandes desaf\u00edos y uno de ellos es seguir impulsando la promoci\u00f3n y difusi\u00f3n de nuestros destinos, por lo que conocer y definir l\u00edneas de trabajo conjunto con la nueva gerente de HYST hace que avancemos en la l\u00ednea correcta\u201d.<\/p>\n\n\n\n<p>Finalmente, Sara Adema reforz\u00f3 su compromiso con el desarrollo del turismo en Magallanes. \u201cEs un orgullo liderar esta asociaci\u00f3n que representa a 16 empresas y servicios tur\u00edsticos de un destino reconocido a nivel mundial como es Torres del Paine. Al mismo tiempo es un gran desaf\u00edo, ya que debemos seguir potenciando la promoci\u00f3n de la Octava Maravilla, para lograr una temporada 2023- 2024 con cifras positivas para esta industria que genera empleo y que es crucial para la econom\u00eda de Magallanes\u201d, puntualiz\u00f3.<\/p>\n","protected":false},"excerpt":{"rendered":"<p>La directiva de la Asociaci\u00f3n de Hoteles y Servicios Tur\u00edsticos de Torres del Paine, HYST, se reuni\u00f3 con autoridades de Magallanes para presentar a su nueva gerente Sara Adema Yusta&#8230;. <a class=\"read-more\" href=\"https:\/\/www.radiopresidenteibanez.cl\/web\/nueva-gerente-de-hyst-se-reune-con-autoridades-regionales-para-fomentar-el-trabajo-publico-privado\/\">Leer m\u00e1s<\/a><\/p>\n","protected":false},"author":2,"featured_media":39061,"comment_status":"closed","ping_status":"closed","sticky":false,"template":"","format":"standard","meta":{"footnotes":""},"categories":[1],"tags":[],"class_list":["post-39060","post","type-post","status-publish","format-standard","has-post-thumbnail","hentry","category-cronica"],"_links":{"self":[{"href":"https:\/\/www.radiopresidenteibanez.cl\/web\/wp-json\/wp\/v2\/posts\/39060","targetHints":{"allow":["GET"]}}],"collection":[{"href":"https:\/\/www.radiopresidenteibanez.cl\/web\/wp-json\/wp\/v2\/posts"}],"about":[{"href":"https:\/\/www.radiopresidenteibanez.cl\/web\/wp-json\/wp\/v2\/types\/post"}],"author":[{"embeddable":true,"href":"https:\/\/www.radiopresidenteibanez.cl\/web\/wp-json\/wp\/v2\/users\/2"}],"replies":[{"embeddable":true,"href":"https:\/\/www.radiopresidenteibanez.cl\/web\/wp-json\/wp\/v2\/comments?post=39060"}],"version-history":[{"count":0,"href":"https:\/\/www.radiopresidenteibanez.cl\/web\/wp-json\/wp\/v2\/posts\/39060\/revisions"}],"wp:featuredmedia":[{"embeddable":true,"href":"https:\/\/www.radiopresidenteibanez.cl\/web\/wp-json\/wp\/v2\/media\/39061"}],"wp:attachment":[{"href":"https:\/\/www.radiopresidenteibanez.cl\/web\/wp-json\/wp\/v2\/media?parent=39060"}],"wp:term":[{"taxonomy":"category","embeddable":true,"href":"https:\/\/www.radiopresidenteibanez.cl\/web\/wp-json\/wp\/v2\/categories?post=39060"},{"taxonomy":"post_tag","embeddable":true,"href":"https:\/\/www.radiopresidenteibanez.cl\/web\/wp-json\/wp\/v2\/tags?post=39060"}],"curies":[{"name":"wp","href":"https:\/\/api.w.org\/{rel}","templated":true}]}}