{"id":39045,"date":"2023-04-20T08:48:19","date_gmt":"2023-04-20T11:48:19","guid":{"rendered":"https:\/\/www.radiopresidenteibanez.cl\/web\/?p=39045"},"modified":"2023-04-20T08:48:27","modified_gmt":"2023-04-20T11:48:27","slug":"juan-edmundo-perich-lopizich-q-e-p-d","status":"publish","type":"post","link":"https:\/\/www.radiopresidenteibanez.cl\/web\/juan-edmundo-perich-lopizich-q-e-p-d\/","title":{"rendered":"JUAN EDMUNDO PERICH LOPIZICH (q.e.p.d)"},"content":{"rendered":"\n<p>Este pasado d\u00eda mi\u00e9rcoles falleci\u00f3 el reconocido el reconocido hombre de las comunicaciones Juan Edmundo Perich, sus restos est\u00e1n siendo velados en funeraria Aldana ubicada en calle Maipu esquina Armando Sanhueza de 09:00 a 20:00 horas sus funerales se realizaran este viernes a las 14:30 horas<\/p>\n\n\n\n<p>Juan Perich, un hombre amable, amigo de sus amigos, gran parte de su vida comunicacional la realizo en radio Presidente Iba\u00f1ez y en Tv Red, hoy ya descansa y se unir\u00e1 al gremio comunicacional celestial con sus grandes amigos de toda una vida<\/p>\n\n\n\n<p>Desde Radio Presidente Iba\u00f1ez, hacemos llegar las mas sinceras y sentidas condolencias a los familiares y amigos de quien en vida fuera un colega y amigo Juan Edmundo Perich Lopizich (q.e.p.d)<\/p>\n\n\n\n<p><\/p>\n","protected":false},"excerpt":{"rendered":"<p>Este pasado d\u00eda mi\u00e9rcoles falleci\u00f3 el reconocido el reconocido hombre de las comunicaciones Juan Edmundo Perich, sus restos est\u00e1n siendo velados en funeraria Aldana ubicada en calle Maipu esquina Armando&#8230; <a class=\"read-more\" href=\"https:\/\/www.radiopresidenteibanez.cl\/web\/juan-edmundo-perich-lopizich-q-e-p-d\/\">Leer m\u00e1s<\/a><\/p>\n","protected":false},"author":2,"featured_media":39046,"comment_status":"closed","ping_status":"closed","sticky":false,"template":"","format":"standard","meta":{"footnotes":""},"categories":[1],"tags":[],"class_list":["post-39045","post","type-post","status-publish","format-standard","has-post-thumbnail","hentry","category-cronica"],"_links":{"self":[{"href":"https:\/\/www.radiopresidenteibanez.cl\/web\/wp-json\/wp\/v2\/posts\/39045","targetHints":{"allow":["GET"]}}],"collection":[{"href":"https:\/\/www.radiopresidenteibanez.cl\/web\/wp-json\/wp\/v2\/posts"}],"about":[{"href":"https:\/\/www.radiopresidenteibanez.cl\/web\/wp-json\/wp\/v2\/types\/post"}],"author":[{"embeddable":true,"href":"https:\/\/www.radiopresidenteibanez.cl\/web\/wp-json\/wp\/v2\/users\/2"}],"replies":[{"embeddable":true,"href":"https:\/\/www.radiopresidenteibanez.cl\/web\/wp-json\/wp\/v2\/comments?post=39045"}],"version-history":[{"count":0,"href":"https:\/\/www.radiopresidenteibanez.cl\/web\/wp-json\/wp\/v2\/posts\/39045\/revisions"}],"wp:featuredmedia":[{"embeddable":true,"href":"https:\/\/www.radiopresidenteibanez.cl\/web\/wp-json\/wp\/v2\/media\/39046"}],"wp:attachment":[{"href":"https:\/\/www.radiopresidenteibanez.cl\/web\/wp-json\/wp\/v2\/media?parent=39045"}],"wp:term":[{"taxonomy":"category","embeddable":true,"href":"https:\/\/www.radiopresidenteibanez.cl\/web\/wp-json\/wp\/v2\/categories?post=39045"},{"taxonomy":"post_tag","embeddable":true,"href":"https:\/\/www.radiopresidenteibanez.cl\/web\/wp-json\/wp\/v2\/tags?post=39045"}],"curies":[{"name":"wp","href":"https:\/\/api.w.org\/{rel}","templated":true}]}}