{"id":39039,"date":"2023-04-19T17:40:00","date_gmt":"2023-04-19T20:40:00","guid":{"rendered":"https:\/\/www.radiopresidenteibanez.cl\/web\/?p=39039"},"modified":"2023-04-19T10:51:58","modified_gmt":"2023-04-19T13:51:58","slug":"ya-estan-abiertas-las-postulaciones-a-los-concursos-ciencia-publica-minciencia","status":"publish","type":"post","link":"https:\/\/www.radiopresidenteibanez.cl\/web\/ya-estan-abiertas-las-postulaciones-a-los-concursos-ciencia-publica-minciencia\/","title":{"rendered":"YA ESTAN ABIERTAS LAS POSTULACIONES A LOS CONCURSOS CIENCIA PUBLICA MINCIENCIA"},"content":{"rendered":"\n<p>El Ministerio de Ciencia, Tecnolog\u00eda, Conocimiento e Innovaci\u00f3n (CTCI) abri\u00f3 las postulaciones a los Concursos Ciencia P\u00fablica de Divulgaci\u00f3n y Socializaci\u00f3n del Conocimiento en sus tres categor\u00edas: Distribuci\u00f3n, acceso y uso gratuito de productos; Desarrollo de productos comunitarios, y Espacios p\u00fablicos regionales.<\/p>\n\n\n\n<p>Creados en 2020, estos llamados buscan generar espacios e instrumentos de socializaci\u00f3n del conocimiento fuera del sistema educativo, as\u00ed lo indic\u00f3 la Seremi de Ciencia, Ver\u00f3nica Vallejos, quien agreg\u00f3 que \u201ccomo ministerio hemos sido mandatados por el Presidente Gabriel Boric a democratizar los conocimientos, a entregarle a las personas las herramientas necesarias para que se apropien del conocimiento y qu\u00e9 mejor manera de hacerlo que a trav\u00e9s de las interacciones y experiencias significativas en los distintos espacios cotidianos. Hago un llamado a las diferentes organizaciones y grupos sociales a que se motiven y postulen con proyectos innovadores, comunitarios y asociativos\u201d.<\/p>\n\n\n\n<p>En esta nueva versi\u00f3n los concursos tienen fechas de cierre diferentes, por lo que la autoridad regional invit\u00f3 a quienes se interesen en estos fondos a informarse sobre las bases, documentos y plazos en<a href=\"https:\/\/cienciapublica.cl\/concursos\/\" target=\"_blank\" rel=\"noreferrer noopener\">&nbsp;<\/a><a href=\"https:\/\/cienciapublica.cl\/concursos\/\" target=\"_blank\" rel=\"noreferrer noopener\">https:\/\/cienciapublica.cl\/concursos\/<\/a>.<\/p>\n\n\n\n<p><strong>Antecedentes de los concursos<\/strong><strong><\/strong><\/p>\n\n\n\n<p>Con un monto m\u00e1ximo de $13 millones por proyecto, el concurso&nbsp;<strong>\u201cDistribuci\u00f3n, Acceso y Uso Gratuito de Productos de Divulgaci\u00f3n y Socializaci\u00f3n del Conocimiento\u201d<\/strong>&nbsp;busca promover la apropiaci\u00f3n de conocimientos financiando una estrategia de distribuci\u00f3n, acceso y uso de productos existentes.<\/p>\n\n\n\n<p>Est\u00e1 dirigido a personas naturales o jur\u00eddicas, chilenas o extranjeras (con representante legal en Chile y domicilio en el pa\u00eds). Pueden postular instituciones p\u00fablicas o privadas que tengan personalidad jur\u00eddica y vigente, tales como fundaciones, ONG, universidades, etc. El cierre de postulaci\u00f3n es el 8 de mayo.<\/p>\n\n\n\n<p>Para la Macrozona Austral (Regiones de Ays\u00e9n y Magallanes y de la Ant\u00e1rtica Chilena), de preferencia se financiar\u00e1 la distribuci\u00f3n de productos relacionados a las siguientes tem\u00e1ticas: energ\u00edas renovables: hidr\u00f3geno verde; patrimonio cultural y natural; interculturalidad; agricultura, ganader\u00eda, pesca y acuicultura; bosques nativos, y reciclaje y manejo de residuos.<\/p>\n\n\n\n<p>El concurso&nbsp;<strong>\u201cDesarrollo de Proyectos Comunitarios de Divulgaci\u00f3n del Conocimiento\u201d&nbsp;<\/strong>est\u00e1 abierto hasta el 16 de mayo, y su objetivo es promover el desarrollo de proyectos comunitarios que busquen resolver problem\u00e1ticas y\/o generar conocimiento a partir de las necesidades e intereses de las propias comunidades, promoviendo la participaci\u00f3n de \u00e9stas y el trabajo con instituciones y\/o especialistas vinculados a la CTCI.<\/p>\n\n\n\n<p>La disponibilidad financiera es de $104 millones, con un monto m\u00e1ximo de $8 millones para cada proyecto, y est\u00e1 dirigido a juntas de vecinos y dem\u00e1s organizaciones comunitarias que cuenten con personalidad jur\u00eddica vigente y quieran desarrollar o elaborar proyectos que contribuyan al desarrollo y fortalecimiento del ecosistema necesario para promover la divulgaci\u00f3n y socializaci\u00f3n de la ciencia.<\/p>\n\n\n\n<p>Hasta el 23 de mayo se podr\u00e1 postular al concurso&nbsp;<strong>\u201cEspacios P\u00fablicos Regionales para la Divulgaci\u00f3n y Socializaci\u00f3n del Conocimiento\u201d<\/strong>, que busca promover el desarrollo e implementaci\u00f3n de espacios p\u00fablicos y accesibles dedicados a la divulgaci\u00f3n y socializaci\u00f3n de la CTCI, mediante el desarrollo de experiencias memorables.<\/p>\n\n\n\n<p>Esta categor\u00eda cuenta con un presupuesto de $500 millones, con un m\u00e1ximo de $50 millones para cada iniciativa adjudicada (10 proyectos, 2 por cada Macrozona). Puede postular cualquier instituci\u00f3n privada, siempre y cuando tenga personalidad jur\u00eddica vigente, tales como fundaciones, ONG, universidades, etc.<\/p>\n\n\n\n<p>Para Espacios P\u00fablicos Regionales se han seleccionado temas prioritarios, por lo que se dar\u00e1 prioridad a quienes los consideren en sus propuestas. Para la Macrozona Austral se han definido los siguientes: energ\u00edas renovables: hidr\u00f3geno verde; patrimonio cultural y natural; interculturalidad; agricultura, ganader\u00eda, pesca y acuicultura; bosques nativos; reciclaje y manejo de residuos, y salud mental.<\/p>\n\n\n\n<p>No existe incompatibilidad para que las y los postulantes presenten una o m\u00e1s propuestas a las diferentes convocatorias que la Subsecretar\u00eda realice en el presente a\u00f1o, as\u00ed como tampoco para quienes tengan actualmente proyectos en ejecuci\u00f3n en la Subsecretar\u00eda o en cualquier otra instituci\u00f3n.<\/p>\n\n\n\n<p>Las postulaciones se deben realizar a trav\u00e9s de la p\u00e1gina<a href=\"http:\/\/www.fondos.gob.cl\/\" target=\"_blank\" rel=\"noreferrer noopener\">&nbsp;<\/a><a href=\"http:\/\/www.fondos.gob.cl\/\" target=\"_blank\" rel=\"noreferrer noopener\">www.fondos.gob.cl<\/a>.<\/p>\n","protected":false},"excerpt":{"rendered":"<p>El Ministerio de Ciencia, Tecnolog\u00eda, Conocimiento e Innovaci\u00f3n (CTCI) abri\u00f3 las postulaciones a los Concursos Ciencia P\u00fablica de Divulgaci\u00f3n y Socializaci\u00f3n del Conocimiento en sus tres categor\u00edas: Distribuci\u00f3n, acceso y&#8230; <a class=\"read-more\" href=\"https:\/\/www.radiopresidenteibanez.cl\/web\/ya-estan-abiertas-las-postulaciones-a-los-concursos-ciencia-publica-minciencia\/\">Leer m\u00e1s<\/a><\/p>\n","protected":false},"author":2,"featured_media":39040,"comment_status":"closed","ping_status":"closed","sticky":false,"template":"","format":"standard","meta":{"footnotes":""},"categories":[1],"tags":[],"class_list":["post-39039","post","type-post","status-publish","format-standard","has-post-thumbnail","hentry","category-cronica"],"_links":{"self":[{"href":"https:\/\/www.radiopresidenteibanez.cl\/web\/wp-json\/wp\/v2\/posts\/39039","targetHints":{"allow":["GET"]}}],"collection":[{"href":"https:\/\/www.radiopresidenteibanez.cl\/web\/wp-json\/wp\/v2\/posts"}],"about":[{"href":"https:\/\/www.radiopresidenteibanez.cl\/web\/wp-json\/wp\/v2\/types\/post"}],"author":[{"embeddable":true,"href":"https:\/\/www.radiopresidenteibanez.cl\/web\/wp-json\/wp\/v2\/users\/2"}],"replies":[{"embeddable":true,"href":"https:\/\/www.radiopresidenteibanez.cl\/web\/wp-json\/wp\/v2\/comments?post=39039"}],"version-history":[{"count":0,"href":"https:\/\/www.radiopresidenteibanez.cl\/web\/wp-json\/wp\/v2\/posts\/39039\/revisions"}],"wp:featuredmedia":[{"embeddable":true,"href":"https:\/\/www.radiopresidenteibanez.cl\/web\/wp-json\/wp\/v2\/media\/39040"}],"wp:attachment":[{"href":"https:\/\/www.radiopresidenteibanez.cl\/web\/wp-json\/wp\/v2\/media?parent=39039"}],"wp:term":[{"taxonomy":"category","embeddable":true,"href":"https:\/\/www.radiopresidenteibanez.cl\/web\/wp-json\/wp\/v2\/categories?post=39039"},{"taxonomy":"post_tag","embeddable":true,"href":"https:\/\/www.radiopresidenteibanez.cl\/web\/wp-json\/wp\/v2\/tags?post=39039"}],"curies":[{"name":"wp","href":"https:\/\/api.w.org\/{rel}","templated":true}]}}