{"id":39036,"date":"2023-04-19T16:47:00","date_gmt":"2023-04-19T19:47:00","guid":{"rendered":"https:\/\/www.radiopresidenteibanez.cl\/web\/?p=39036"},"modified":"2023-04-19T10:45:23","modified_gmt":"2023-04-19T13:45:23","slug":"sernageomin-y-gobierno-regional-de-magallanes-firman-convenio-para-la-segunda-etapa-del-sistema-de-alerta-en-rio-de-las-minas","status":"publish","type":"post","link":"https:\/\/www.radiopresidenteibanez.cl\/web\/sernageomin-y-gobierno-regional-de-magallanes-firman-convenio-para-la-segunda-etapa-del-sistema-de-alerta-en-rio-de-las-minas\/","title":{"rendered":"SERNAGEOMIN Y GOBIERNO REGIONAL DE MAGALLANES FIRMAN CONVENIO PARA LA SEGUNDA ETAPA DEL SISTEMA DE ALERTA EN RIO DE LAS MINAS"},"content":{"rendered":"\n<p>Este lunes 17 de abril, el director nacional de Sernageomin, Patricio Aguilera, suscribi\u00f3 un importante convenio de transferencia de recursos con el Gobierno Regional de Magallanes para activar la segunda etapa del Sistema de Alerta del R\u00edo de las Minas.<\/p>\n\n\n\n<p>Junto con explicar que el monitoreo actual se basa en la medici\u00f3n y observaci\u00f3n en tiempo casi real y de forma semi continua para identificar la ocurrencia de eventos aluvionales y remociones en masa que puedan represar el r\u00edo, Aguilera indic\u00f3 que \u201csin estos recursos ser\u00eda casi imposible implementar, ya que somos un organismo t\u00e9cnico que tiene m\u00faltiples requerimientos y necesidades, particularmente en esta regi\u00f3n donde hay una locaci\u00f3n en la que si existe una remoci\u00f3n en masa activa es fundamental generar conocimientos y sistemas de alerta temprana que nos permitan contribuir, por eso agradecemos al gobierno regional el apoyo para aumentar nuestras capacidades t\u00e9cnicas para tener mejor conocimiento y anticipar eventos futuros\u201d.<\/p>\n\n\n\n<p>El director nacional de Sernageomin agreg\u00f3 que \u201ces importante recalcar que en la primera etapa se gener\u00f3 conocimiento, se instalaron sistemas de monitoreo, sensores en distintas ubicaciones, con diferentes tipos de sensores, generando el conocimiento base que permite saber que esta zona de remoci\u00f3n en masa es activa, que se est\u00e1n movilizando entre 10 a 15 metros al a\u00f1o, por lo tanto ese es un conocimiento muy importante para la sociedad, para el Gobierno, que tiene que movilizar distintos mecanismos en el caso que se active una situaci\u00f3n de emergencia\u201d.<\/p>\n\n\n\n<p>Por su parte, el Gobernador de Magallanes, Jorge Flies, se\u00f1al\u00f3 que este acuerdo es parte del trabajo hace desde algunos a\u00f1os se realiza en la regi\u00f3n de Magallanes, \u201ces un proyecto innovador, \u00fanico en su tipo en nuestro pa\u00eds, y que tiene que est\u00e1 relacionado con algunos de los \u00e1mbitos de riesgo m\u00e1s importantes y con uno de los eventos tr\u00e1gicos que ha tenido reiteradamente en su historia la comunidad de Punta Arenas, ya que el a\u00f1o 2012 tuvimos un desborde gigantesco, con un impacto en el \u00e1mbito de infraestructura, pero especialmente m\u00e1s de 700 familias con mucho de su patrimonio perdido, y con un impacto que hasta el d\u00eda de hoy se recuerda como uno de los hechos m\u00e1s catastr\u00f3ficos de la regi\u00f3n\u201d.<\/p>\n\n\n\n<p>Flies agreg\u00f3 que ese evento se hab\u00eda repetido en la ciudad anteriormente, \u201cy a trav\u00e9s del plan de Zonas Extremas se hizo un trabajo de impacto con obras p\u00fablicas en lo que es la canalizaci\u00f3n del r\u00edo y obras de sedimentaci\u00f3n en la parte alta, se cambiaron puentes, pero aparte de eso, para saber lo que est\u00e1 ocurriendo, es importante seguir avanzando con Sernageomin, y tambi\u00e9n con el trabajo de CONAF en cuanto a la facilidad y la instalaci\u00f3n del monitoreo del comportamiento de esta cuenca. Hoy tenemos una historia que contar desde el punto de vista del movimiento de la cuenca y de los riesgos que ello involucra, pero aparte tambi\u00e9n este proyecto ha permitido la tranquilidad a la comunidad de saber si se produce un evento de desprendimiento, que fue la causa finalmente de la inundaci\u00f3n del 2012, vamos a estar en conocimiento y vamos a poder intervenir\u201d.<\/p>\n\n\n\n<p>En tal sentido, el Gobernador de Magallanes dijo que el proceso se ha llevado con monitoreo permanente y necesita continuidad y perfeccionamiento, \u201cy eso es lo que nos ha propuesto el ministerio de Miner\u00eda junto con Sernageomin para esta segunda etapa contar con profesionales, equipamiento y capacidad, complementando lo que se est\u00e1 haciendo en estos momentos podamos tener la tranquilidad de saber lo que est\u00e1 ocurriendo en la cuenca del r\u00edo Las Minas, porque debemos estar permanentemente atentos, y eso significa estar coordinados con CONAF, Sernageomin, Obras P\u00fablicas, y con los distintos organismos de emergencias para poder r\u00e1pidamente cuando ocurra un hecho\u201d.<\/p>\n\n\n\n<p>Por su parte, el Seremi Miner\u00eda, Juan Ram\u00f3n Montecinos, insisti\u00f3 en la importancia de la colaboraci\u00f3n que existe entre los organismos del estado central y el gobierno regional, \u201cporque permite que Servicios como Sernageomin, que es eminentemente t\u00e9cnico, pueda desarrollar una labor que va en directo beneficio de la regi\u00f3n\u201d.<\/p>\n\n\n\n<p>Finalmente, Montecinos explic\u00f3 la regi\u00f3n de Magallanes es la \u00fanica que cuenta con un seguimiento de cuenca que cae directamente sobre una ciudad, \u201clo que no ocurre en otras localidades de Chile y que posiblemente van a querer replicar, y como siempre en Magallanes somos pioneros en este tema, pero es una iniciativa regional, que beneficia directamente a los habitantes, donde es posible demostrar que se pueden coordinar los gobiernos regionales con las entidades nacionales t\u00e9cnicas que est\u00e1n desplegadas a lo largo de todo el pa\u00eds para poder conseguir mejores resultados para la poblaci\u00f3n, focalizados en las necesidades de cada una de las regiones, que son distintas a lo largo del territorio\u201d.<\/p>\n","protected":false},"excerpt":{"rendered":"<p>Este lunes 17 de abril, el director nacional de Sernageomin, Patricio Aguilera, suscribi\u00f3 un importante convenio de transferencia de recursos con el Gobierno Regional de Magallanes para activar la segunda&#8230; <a class=\"read-more\" href=\"https:\/\/www.radiopresidenteibanez.cl\/web\/sernageomin-y-gobierno-regional-de-magallanes-firman-convenio-para-la-segunda-etapa-del-sistema-de-alerta-en-rio-de-las-minas\/\">Leer m\u00e1s<\/a><\/p>\n","protected":false},"author":2,"featured_media":39037,"comment_status":"closed","ping_status":"closed","sticky":false,"template":"","format":"standard","meta":{"footnotes":""},"categories":[1],"tags":[],"class_list":["post-39036","post","type-post","status-publish","format-standard","has-post-thumbnail","hentry","category-cronica"],"_links":{"self":[{"href":"https:\/\/www.radiopresidenteibanez.cl\/web\/wp-json\/wp\/v2\/posts\/39036","targetHints":{"allow":["GET"]}}],"collection":[{"href":"https:\/\/www.radiopresidenteibanez.cl\/web\/wp-json\/wp\/v2\/posts"}],"about":[{"href":"https:\/\/www.radiopresidenteibanez.cl\/web\/wp-json\/wp\/v2\/types\/post"}],"author":[{"embeddable":true,"href":"https:\/\/www.radiopresidenteibanez.cl\/web\/wp-json\/wp\/v2\/users\/2"}],"replies":[{"embeddable":true,"href":"https:\/\/www.radiopresidenteibanez.cl\/web\/wp-json\/wp\/v2\/comments?post=39036"}],"version-history":[{"count":0,"href":"https:\/\/www.radiopresidenteibanez.cl\/web\/wp-json\/wp\/v2\/posts\/39036\/revisions"}],"wp:featuredmedia":[{"embeddable":true,"href":"https:\/\/www.radiopresidenteibanez.cl\/web\/wp-json\/wp\/v2\/media\/39037"}],"wp:attachment":[{"href":"https:\/\/www.radiopresidenteibanez.cl\/web\/wp-json\/wp\/v2\/media?parent=39036"}],"wp:term":[{"taxonomy":"category","embeddable":true,"href":"https:\/\/www.radiopresidenteibanez.cl\/web\/wp-json\/wp\/v2\/categories?post=39036"},{"taxonomy":"post_tag","embeddable":true,"href":"https:\/\/www.radiopresidenteibanez.cl\/web\/wp-json\/wp\/v2\/tags?post=39036"}],"curies":[{"name":"wp","href":"https:\/\/api.w.org\/{rel}","templated":true}]}}