{"id":3901,"date":"2019-05-04T00:17:30","date_gmt":"2019-05-04T00:17:30","guid":{"rendered":"http:\/\/www.radiopresidenteibanez.cl\/web\/?p=3901"},"modified":"2019-05-04T00:18:03","modified_gmt":"2019-05-04T00:18:03","slug":"diputado-gabriel-boric-lidero-primer-conversatorio-sobre-salud-mental-en-la-region-de-magallanes","status":"publish","type":"post","link":"https:\/\/www.radiopresidenteibanez.cl\/web\/diputado-gabriel-boric-lidero-primer-conversatorio-sobre-salud-mental-en-la-region-de-magallanes\/","title":{"rendered":"DIPUTADO GABRIEL BORIC LIDER\u00d3 PRIMER CONVERSATORIO SOBRE SALUD MENTAL EN LA REGI\u00d3N DE MAGALLANES"},"content":{"rendered":"\n<p>\n\n\u00bfC\u00f3mo ven la situaci\u00f3n de la salud mental en Magallanes? y \u00bfLegislativamente, c\u00f3mo creen que podemos mejorar las condiciones de vida de quienes tienen enfermedades vinculadas a salud mental? Con estas dos interrogantes el diputado del Frente Amplio, Gabriel Boric, invit\u00f3 a los asistentes a comenzar la reflexi\u00f3n sobre el tema de salud mental.<\/p>\n\n\n\n<p>El conversatorio, que tuvo como objetivo iniciar un ciclo de conversaciones para diagnosticar y generar un plan de trabajo y pol\u00edticas p\u00fablicas en relaci\u00f3n a la Salud Mental para llevar al Congreso Nacional, tuvo una gran convocatoria. Entre los presentes participaron estudiantes, adultos mayores, acad\u00e9micos de la UMAG, funcionarios de Corporaci\u00f3n Opci\u00f3n, Cosam Miraflores, del Hospital Cl\u00ednico Magallanes, Fundaci\u00f3n Toda Mejora, Colegio de Profesores, Coordinadora No+AFP, del Hogar Ignazio Sibillo, sic\u00f3logos, siquiatras, trabajadores sociales y vecinas y vecinos.<\/p>\n\n\n\n<p>Algunos de los planteamientos que surgieron por parte de las y los asistentes fueron respecto al bajo presupuesto destinado a Salud Mental en la regi\u00f3n, a la desigualdad en el acceso y a la poca conciencia en el territorio cuando se implementan los planes a nivel central. Adem\u00e1s los relacionados a adultos mayores, principalmente con las bajas pensiones que reciben y problemas de salud que los aqueja; profesores y profesoras y el agobio docente y c\u00f3mo afecta su salud mental; calidad de vida y horas destinadas al trabajo; adem\u00e1s los asistentes plantearon propuestas como pol\u00edticas de salud m\u00e1s enfocadas en las especificidades del territorio.<\/p>\n\n\n\n<p>Otro de las inquietudes que surgi\u00f3 fue de qu\u00e9 manera afecta el cambio de huso horario y las horas de luz en el \u00e1nimo, en trastornos de sue\u00f1o y en depresi\u00f3n en Magallanes.<\/p>\n\n\n\n<p>En el conversatorio, Gabriel Boric coment\u00f3 que \u201cnosotros tenemos ideas de trabajo y estamos trabajando en ellas, pero nos parece much\u00edsimo mejor socializar este debate, tratarlo con quienes trabajan y padecen enfermedades vinculadas a salud mental, tal como lo hicimos en materia de infancia, en vez de presentar proyectos solos\u201d, refiri\u00e9ndose a la importancia de abrir el trabajo parlamentario con la comunidad magall\u00e1nica.<\/p>\n\n\n\n<p>Adem\u00e1s finaliz\u00f3 diciendo que la modalidad del conversatorio \u201ces un estilo de trabajo quiz\u00e1s un poco m\u00e1s lento, pero creemos que al final del d\u00eda es mucho mejor, porque vamos vinculando a la comunidad con el trabajo que me corresponde hacer como diputado que es representar\u201d, puntualiz\u00f3. <\/p>\n\n\n\n<figure class=\"wp-block-image\"><img loading=\"lazy\" decoding=\"async\" width=\"1024\" height=\"682\" src=\"https:\/\/www.radiopresidenteibanez.cl\/web\/wp-content\/uploads\/2019\/05\/unnamed-1-1024x682.jpg\" alt=\"\" class=\"wp-image-3902\" srcset=\"https:\/\/www.radiopresidenteibanez.cl\/web\/wp-content\/uploads\/2019\/05\/unnamed-1-1024x682.jpg 1024w, https:\/\/www.radiopresidenteibanez.cl\/web\/wp-content\/uploads\/2019\/05\/unnamed-1-300x200.jpg 300w, https:\/\/www.radiopresidenteibanez.cl\/web\/wp-content\/uploads\/2019\/05\/unnamed-1-768x512.jpg 768w, https:\/\/www.radiopresidenteibanez.cl\/web\/wp-content\/uploads\/2019\/05\/unnamed-1.jpg 1280w\" sizes=\"auto, (max-width: 1024px) 100vw, 1024px\" \/><\/figure>\n","protected":false},"excerpt":{"rendered":"<p>\u00bfC\u00f3mo ven la situaci\u00f3n de la salud mental en Magallanes? y \u00bfLegislativamente, c\u00f3mo creen que podemos mejorar las condiciones de vida de quienes tienen enfermedades vinculadas a salud mental? Con&#8230; <a class=\"read-more\" href=\"https:\/\/www.radiopresidenteibanez.cl\/web\/diputado-gabriel-boric-lidero-primer-conversatorio-sobre-salud-mental-en-la-region-de-magallanes\/\">Leer m\u00e1s<\/a><\/p>\n","protected":false},"author":2,"featured_media":3902,"comment_status":"closed","ping_status":"closed","sticky":false,"template":"","format":"standard","meta":{"footnotes":""},"categories":[1],"tags":[],"class_list":["post-3901","post","type-post","status-publish","format-standard","has-post-thumbnail","hentry","category-cronica"],"_links":{"self":[{"href":"https:\/\/www.radiopresidenteibanez.cl\/web\/wp-json\/wp\/v2\/posts\/3901","targetHints":{"allow":["GET"]}}],"collection":[{"href":"https:\/\/www.radiopresidenteibanez.cl\/web\/wp-json\/wp\/v2\/posts"}],"about":[{"href":"https:\/\/www.radiopresidenteibanez.cl\/web\/wp-json\/wp\/v2\/types\/post"}],"author":[{"embeddable":true,"href":"https:\/\/www.radiopresidenteibanez.cl\/web\/wp-json\/wp\/v2\/users\/2"}],"replies":[{"embeddable":true,"href":"https:\/\/www.radiopresidenteibanez.cl\/web\/wp-json\/wp\/v2\/comments?post=3901"}],"version-history":[{"count":0,"href":"https:\/\/www.radiopresidenteibanez.cl\/web\/wp-json\/wp\/v2\/posts\/3901\/revisions"}],"wp:featuredmedia":[{"embeddable":true,"href":"https:\/\/www.radiopresidenteibanez.cl\/web\/wp-json\/wp\/v2\/media\/3902"}],"wp:attachment":[{"href":"https:\/\/www.radiopresidenteibanez.cl\/web\/wp-json\/wp\/v2\/media?parent=3901"}],"wp:term":[{"taxonomy":"category","embeddable":true,"href":"https:\/\/www.radiopresidenteibanez.cl\/web\/wp-json\/wp\/v2\/categories?post=3901"},{"taxonomy":"post_tag","embeddable":true,"href":"https:\/\/www.radiopresidenteibanez.cl\/web\/wp-json\/wp\/v2\/tags?post=3901"}],"curies":[{"name":"wp","href":"https:\/\/api.w.org\/{rel}","templated":true}]}}