{"id":39006,"date":"2023-04-18T16:47:00","date_gmt":"2023-04-18T19:47:00","guid":{"rendered":"https:\/\/www.radiopresidenteibanez.cl\/web\/?p=39006"},"modified":"2023-04-18T16:03:17","modified_gmt":"2023-04-18T19:03:17","slug":"invernadero-inclusivo-creado-por-la-fundacion-magallania-en-conjunto-con-el-centro-quemanta-fue-destacado-por-el-alcalde-radonich","status":"publish","type":"post","link":"https:\/\/www.radiopresidenteibanez.cl\/web\/invernadero-inclusivo-creado-por-la-fundacion-magallania-en-conjunto-con-el-centro-quemanta-fue-destacado-por-el-alcalde-radonich\/","title":{"rendered":"INVERNADERO INCLUSIVO CREADO POR LA FUNDACI\u00d3N MAGALLANIA EN CONJUNTO CON EL CENTRO QUEMANTA FUE DESTACADO POR EL ALCALDE RADONICH"},"content":{"rendered":"\n<p>En el a\u00f1o 2021 la Fundaci\u00f3n Magallania, compuesta por 7 j\u00f3venes magall\u00e1nicos, desarroll\u00f3 una iniciativa que buscaba construir un invernadero de car\u00e1cter inclusivo, que permitiera el uso de terapias para la estimulaci\u00f3n cognitiva, por medio de lo agroecolog\u00eda en usuarios adultos mayores con demencia, todo esto en las inmediaciones del Centro Quemanta de Punta Arenas.<\/p>\n\n\n\n<p>Un a\u00f1o y medio despu\u00e9s, los resultados han sido positivos y esperan continuar potenciando la idea con el apoyo de diversos organismos p\u00fablicos, entre los que destacan la Municipalidad de Punta Arenas.<\/p>\n\n\n\n<p>\u201cComo gestores del proyecto, quiero destacar que aparte del cari\u00f1o que se entrega mutuamente, queremos valorar el trabajo y profesionalismo por parte de las funcionarias del Centro Quemanta, lo que se refleja en los resultados que incluyen por ejemplo, desarrollar y proceso de econom\u00eda circular para todos los participantes de la idea\u201d, explic\u00f3 Mario Zenteno, presidente de la Fundaci\u00f3n MAGALLANIA.<\/p>\n\n\n\n<p>Yazna Kusanovic, kinesi\u00f3loga y coordinadora del Centro Quemanta, detall\u00f3 que \u201chace un a\u00f1o recibimos como donaci\u00f3n a trav\u00e9s de la Fundaci\u00f3n Magallania, que consiste en construir este invernadero que fue creado desde cero, con el fin de ayudar en el trabajo terap\u00e9utico con la atenci\u00f3n de pacientes que asisten a nuestro centro y que suman cerca de 60 personas adultos mayores, para hacer diferentes actividades de socializaci\u00f3n, recreativas y comunitarias\u201d.<\/p>\n\n\n\n<p>Por su parte, el Alcalde Claudio Radonich agreg\u00f3 que \u201cestamos contentos de que j\u00f3venes de nuestra ciudad se interesen en colaborar con nuestros vecinos m\u00e1s grandes, que nos vincula con la tierra, las tradiciones, la experiencia, y que puedan tener un espacio para compartir sus conocimientos de manera sustentable y generando diversos productos para su consumo diario\u201d.<\/p>\n\n\n\n<p>\u201cVinimos hace un a\u00f1o y medio cuando se inaugur\u00f3 este lugar, el cual fue co-financiado por medio de una subvenci\u00f3n municipal, lo que se suma a otras colaboraciones que realizamos durante todo el a\u00f1o\u201d, recalc\u00f3 el jefe comunal.<\/p>\n\n\n\n<p>Finalmente, el representante de la Fundaci\u00f3n dijo que \u201cqueremos potenciar el proyecto y continuar con la iniciativa de poder tecnificar la producci\u00f3n, pensando en implementar un sistema de riego y goteo, con un sistema fotovoltaico y construir un radier para el desplazamiento de los adultos mayores, considerando siembra y reforestaci\u00f3n por la parte externa del invernadero, siendo parte de los desaf\u00edos en el corto plazo<\/p>\n","protected":false},"excerpt":{"rendered":"<p>En el a\u00f1o 2021 la Fundaci\u00f3n Magallania, compuesta por 7 j\u00f3venes magall\u00e1nicos, desarroll\u00f3 una iniciativa que buscaba construir un invernadero de car\u00e1cter inclusivo, que permitiera el uso de terapias para&#8230; <a class=\"read-more\" href=\"https:\/\/www.radiopresidenteibanez.cl\/web\/invernadero-inclusivo-creado-por-la-fundacion-magallania-en-conjunto-con-el-centro-quemanta-fue-destacado-por-el-alcalde-radonich\/\">Leer m\u00e1s<\/a><\/p>\n","protected":false},"author":2,"featured_media":39007,"comment_status":"closed","ping_status":"closed","sticky":false,"template":"","format":"standard","meta":{"footnotes":""},"categories":[1],"tags":[],"class_list":["post-39006","post","type-post","status-publish","format-standard","has-post-thumbnail","hentry","category-cronica"],"_links":{"self":[{"href":"https:\/\/www.radiopresidenteibanez.cl\/web\/wp-json\/wp\/v2\/posts\/39006","targetHints":{"allow":["GET"]}}],"collection":[{"href":"https:\/\/www.radiopresidenteibanez.cl\/web\/wp-json\/wp\/v2\/posts"}],"about":[{"href":"https:\/\/www.radiopresidenteibanez.cl\/web\/wp-json\/wp\/v2\/types\/post"}],"author":[{"embeddable":true,"href":"https:\/\/www.radiopresidenteibanez.cl\/web\/wp-json\/wp\/v2\/users\/2"}],"replies":[{"embeddable":true,"href":"https:\/\/www.radiopresidenteibanez.cl\/web\/wp-json\/wp\/v2\/comments?post=39006"}],"version-history":[{"count":0,"href":"https:\/\/www.radiopresidenteibanez.cl\/web\/wp-json\/wp\/v2\/posts\/39006\/revisions"}],"wp:featuredmedia":[{"embeddable":true,"href":"https:\/\/www.radiopresidenteibanez.cl\/web\/wp-json\/wp\/v2\/media\/39007"}],"wp:attachment":[{"href":"https:\/\/www.radiopresidenteibanez.cl\/web\/wp-json\/wp\/v2\/media?parent=39006"}],"wp:term":[{"taxonomy":"category","embeddable":true,"href":"https:\/\/www.radiopresidenteibanez.cl\/web\/wp-json\/wp\/v2\/categories?post=39006"},{"taxonomy":"post_tag","embeddable":true,"href":"https:\/\/www.radiopresidenteibanez.cl\/web\/wp-json\/wp\/v2\/tags?post=39006"}],"curies":[{"name":"wp","href":"https:\/\/api.w.org\/{rel}","templated":true}]}}