{"id":39003,"date":"2023-04-18T16:27:00","date_gmt":"2023-04-18T19:27:00","guid":{"rendered":"https:\/\/www.radiopresidenteibanez.cl\/web\/?p=39003"},"modified":"2023-04-18T11:17:59","modified_gmt":"2023-04-18T14:17:59","slug":"prodemu-presentara-programa-itinerante-de-fomento-lector-con-enfoque-de-genero-en-magallanes-e-inaugurara-primera-sede-de-biblioteca-de-las-mujeres","status":"publish","type":"post","link":"https:\/\/www.radiopresidenteibanez.cl\/web\/prodemu-presentara-programa-itinerante-de-fomento-lector-con-enfoque-de-genero-en-magallanes-e-inaugurara-primera-sede-de-biblioteca-de-las-mujeres\/","title":{"rendered":"PRODEMU PRESENTARA PROGRAMA ITINERANTE DE FOMENTO LECTOR CON ENFOQUE DE GENERO EN MAGALLANES E INAUGURARA PRIMERA SEDE DE BIBLIOTECA DE LAS MUJERES"},"content":{"rendered":"\n<p>Traves\u00edas Lectoras es el nombre de la iniciativa que la Biblioteca de las Mujeres de PRODEMU desarrollar\u00e1 durante el a\u00f1o para acercar el enfoque de g\u00e9nero, por medio del fomento lector a mujeres que habitan en la diversidad del territorio.<\/p>\n\n\n\n<p>La iniciativa surge a partir de la necesidad de descentralizar los territorios, sobre todo llegar a aquellas zonas extremas como la regi\u00f3n de Magallanes, reconociendo la existencia de brechas de g\u00e9nero que persisten, incluso en el acceso a la cultura, la participaci\u00f3n y la visibilizaci\u00f3n de mujeres y disidencias en espacios art\u00edsticos y literarios.<\/p>\n\n\n\n<p>Es en este contexto, es que la direcci\u00f3n regional de PRODEMU, en la regi\u00f3n de Magallanes y Ant\u00e1rtica Chilena, inaugurar\u00e1 en la sede de Punta Arenas, una biblioteca con acceso abierto con \u00e9nfasis en colecciones con enfoque de g\u00e9nero.<\/p>\n\n\n\n<p>La actividad de lanzamiento de los dos hitos ser\u00e1&nbsp; el d\u00eda martes 18 de abril a las 10 horas, en la sede de PRODEMU, ubicada en avenida Independencia 493.<\/p>\n\n\n\n<p>Como parte del programa inaugural de Traves\u00edas Lectoras, &nbsp;en la jornada de la tarde del mismo d\u00eda, en la Biblioteca de las Mujeres sede Magallanes se efectuar\u00e1 un conversatorio con la escritora Rina D\u00edaz Jim\u00e9nez, para continuar el d\u00eda mi\u00e9rcoles con talleres en establecimientos educacionales y mujeres adultas.<\/p>\n","protected":false},"excerpt":{"rendered":"<p>Traves\u00edas Lectoras es el nombre de la iniciativa que la Biblioteca de las Mujeres de PRODEMU desarrollar\u00e1 durante el a\u00f1o para acercar el enfoque de g\u00e9nero, por medio del fomento&#8230; <a class=\"read-more\" href=\"https:\/\/www.radiopresidenteibanez.cl\/web\/prodemu-presentara-programa-itinerante-de-fomento-lector-con-enfoque-de-genero-en-magallanes-e-inaugurara-primera-sede-de-biblioteca-de-las-mujeres\/\">Leer m\u00e1s<\/a><\/p>\n","protected":false},"author":2,"featured_media":39004,"comment_status":"closed","ping_status":"closed","sticky":false,"template":"","format":"standard","meta":{"footnotes":""},"categories":[1],"tags":[],"class_list":["post-39003","post","type-post","status-publish","format-standard","has-post-thumbnail","hentry","category-cronica"],"_links":{"self":[{"href":"https:\/\/www.radiopresidenteibanez.cl\/web\/wp-json\/wp\/v2\/posts\/39003","targetHints":{"allow":["GET"]}}],"collection":[{"href":"https:\/\/www.radiopresidenteibanez.cl\/web\/wp-json\/wp\/v2\/posts"}],"about":[{"href":"https:\/\/www.radiopresidenteibanez.cl\/web\/wp-json\/wp\/v2\/types\/post"}],"author":[{"embeddable":true,"href":"https:\/\/www.radiopresidenteibanez.cl\/web\/wp-json\/wp\/v2\/users\/2"}],"replies":[{"embeddable":true,"href":"https:\/\/www.radiopresidenteibanez.cl\/web\/wp-json\/wp\/v2\/comments?post=39003"}],"version-history":[{"count":0,"href":"https:\/\/www.radiopresidenteibanez.cl\/web\/wp-json\/wp\/v2\/posts\/39003\/revisions"}],"wp:featuredmedia":[{"embeddable":true,"href":"https:\/\/www.radiopresidenteibanez.cl\/web\/wp-json\/wp\/v2\/media\/39004"}],"wp:attachment":[{"href":"https:\/\/www.radiopresidenteibanez.cl\/web\/wp-json\/wp\/v2\/media?parent=39003"}],"wp:term":[{"taxonomy":"category","embeddable":true,"href":"https:\/\/www.radiopresidenteibanez.cl\/web\/wp-json\/wp\/v2\/categories?post=39003"},{"taxonomy":"post_tag","embeddable":true,"href":"https:\/\/www.radiopresidenteibanez.cl\/web\/wp-json\/wp\/v2\/tags?post=39003"}],"curies":[{"name":"wp","href":"https:\/\/api.w.org\/{rel}","templated":true}]}}