{"id":39000,"date":"2023-04-18T15:55:00","date_gmt":"2023-04-18T18:55:00","guid":{"rendered":"https:\/\/www.radiopresidenteibanez.cl\/web\/?p=39000"},"modified":"2023-04-18T10:51:45","modified_gmt":"2023-04-18T13:51:45","slug":"sag-refuerza-su-equipo-de-atencion-de-denuncias-por-influenza-aviar","status":"publish","type":"post","link":"https:\/\/www.radiopresidenteibanez.cl\/web\/sag-refuerza-su-equipo-de-atencion-de-denuncias-por-influenza-aviar\/","title":{"rendered":"SAG REFUERZA SU EQUIPO DE ATENCION DE DENUNCIAS POR INFLUENZA AVIAR"},"content":{"rendered":"\n<p>Ante el aumento de denuncias de aves silvestres muertas o enfermas en los sectores costeros de la provincia de \u00daltima Esperanza, presumiblemente afectadas por Influenza Aviar (IA), el Servicio Agr\u00edcola y Ganadero, SAG, anuncia que se encuentra reforzando, con mayor dotaci\u00f3n e implementos, al equipo destinado a la atenci\u00f3n de la emergencia.<\/p>\n\n\n\n<p>Cesar Muller Guerrero, encargado regional de protecci\u00f3n pecuaria y jefe de campa\u00f1a de influenza aviar de SAG Magallanes se\u00f1al\u00f3 que, \u201csi bien desde el primer caso positivo \u00daltima Esperanza dispuso de equipos que acudieron a apoyar la emergencia, a contar de la presente semana, la provincia contar\u00e1 con 4 brigadas de vigilancia, cada una compuesta por un veterinario y un t\u00e9cnico, suplementaci\u00f3n de material de muestreo, elementos de protecci\u00f3n personal y veh\u00edculos destinados exclusivamente a la atenci\u00f3n de la emergencia por influenza aviar. Estos equipos, nos permitir\u00e1n optimizar el trabajo sectorial en lo que respecta a vigilancia del borde costero, toma de muestras, y retiro y entierro de aves muertas\u201d.&nbsp;<\/p>\n\n\n\n<p>En este sentido, el director regional (s) de SAG Magallanes, Jorge Haro D\u00edaz, explic\u00f3 que desde que se confirm\u00f3 el primer caso positivo a IA los equipos han trabajado sin interrupci\u00f3n, no obstante, las denuncias han aumentado exponencialmente en los \u00faltimos d\u00edas. \u201cSabemos que la ciudadan\u00eda est\u00e1 alerta, y agradecemos que contin\u00faen dando aviso, a trav\u00e9s de los canales oficiales, de cualquier anomal\u00eda que observen tanto en aves silvestres como de traspatio. Nuestros equipos se encuentran atentos recibiendo las denuncias, y todas las notificaciones recibidas han sido y ser\u00e1n atendidas siguiendo los protocolos establecidos para esta emergencia zoosanitaria\u201d.<\/p>\n\n\n\n<p>Respecto del trabajo provincial realizado en el marco de la emergencia por influenza aviar, la Seremi de Agricultura de Magallanes, Irene Ram\u00edrez M\u00e9rida, destac\u00f3 que durante el fin de semana los equipos de vigilancia del Servicio Agr\u00edcola y Ganadero tuvieron una alta demanda, e indic\u00f3 que \u201cen Puerto Natales tuvimos alrededor de 60 aves silvestres que fueron retiradas del borde costero (diariamente)\u201d.<\/p>\n\n\n\n<p>\u201cEl Servicio Agr\u00edcola y Ganadero atendi\u00f3 el 100% de las denuncias que fueron realizadas este fin de semana, sin embargo, tenemos un territorio bastante extenso, sobre todo en la provincia de \u00daltima Esperanza, donde nuestros equipos se tuvieron que desplazar desde Seno Obstrucci\u00f3n, Dumestre, Puerto Prat y la Costanera. Es por eso tambi\u00e9n, que hago un llamado a la calma a la ciudadan\u00eda, ya que nuestros equipos van a responder a las denuncias, pero tenemos que tener en consideraci\u00f3n que esto va a fluctuar. Tenemos corrientes marinas asociadas al traslado de aves muertas hacia el borde costero, y es ah\u00ed donde estamos reforzando nuestros equipos para poder actuar de forma m\u00e1s r\u00e1pida\u201d, precis\u00f3 Ram\u00edrez.<\/p>\n\n\n\n<p>As\u00ed mismo, Ram\u00edrez preciso que se encuentran coordinando acciones con la repartici\u00f3n provincial de la Armada, a fin de ampliar la cobertura de vigilancia del borde costero, situaci\u00f3n que cobra especial relevancia para el control de esta enfermedad en un territorio de tan vasta extensi\u00f3n mar\u00edtima.&nbsp;<\/p>\n\n\n\n<p><strong>Prevenci\u00f3n<\/strong><\/p>\n\n\n\n<p>Finalmente, las autoridades reiteraron el llamado a la comunidad a mantener las recomendaciones que se han venido efectuando en materia de prevenci\u00f3n, en relaci\u00f3n a no tocar ni trasladar aves o mam\u00edferos que presenten s\u00edntomas de influenza aviar o que est\u00e9n muertos.<\/p>\n\n\n\n<p>El cuadro principal en el caso de las aves enfermas de influenza aviar de alta patogenicidad es signolog\u00eda nerviosa, vale decir, presentan problemas para desplazarse o para levantar vuelo. Cabe precisar que la enfermedad afecta tanto a ejemplares adultos, como en cualquier estado de su desarrollo. Por eso, si observa alg\u00fan ave con esos s\u00edntomas, rep\u00f3rtelo inmediatamente al SAG. Para ello, puede llamar al 2 2345 1100, escribir al WhatsApp +56 9 6908 9780 o al correo electr\u00f3nico&nbsp;&nbsp;<a href=\"mailto:oficina.informaciones@sag.gob.cl\" target=\"_blank\" rel=\"noreferrer noopener\">oficina.informaciones@sag.gob.cl<\/a><\/p>\n","protected":false},"excerpt":{"rendered":"<p>Ante el aumento de denuncias de aves silvestres muertas o enfermas en los sectores costeros de la provincia de \u00daltima Esperanza, presumiblemente afectadas por Influenza Aviar (IA), el Servicio Agr\u00edcola&#8230; <a class=\"read-more\" href=\"https:\/\/www.radiopresidenteibanez.cl\/web\/sag-refuerza-su-equipo-de-atencion-de-denuncias-por-influenza-aviar\/\">Leer m\u00e1s<\/a><\/p>\n","protected":false},"author":2,"featured_media":39001,"comment_status":"closed","ping_status":"closed","sticky":false,"template":"","format":"standard","meta":{"footnotes":""},"categories":[1],"tags":[],"class_list":["post-39000","post","type-post","status-publish","format-standard","has-post-thumbnail","hentry","category-cronica"],"_links":{"self":[{"href":"https:\/\/www.radiopresidenteibanez.cl\/web\/wp-json\/wp\/v2\/posts\/39000","targetHints":{"allow":["GET"]}}],"collection":[{"href":"https:\/\/www.radiopresidenteibanez.cl\/web\/wp-json\/wp\/v2\/posts"}],"about":[{"href":"https:\/\/www.radiopresidenteibanez.cl\/web\/wp-json\/wp\/v2\/types\/post"}],"author":[{"embeddable":true,"href":"https:\/\/www.radiopresidenteibanez.cl\/web\/wp-json\/wp\/v2\/users\/2"}],"replies":[{"embeddable":true,"href":"https:\/\/www.radiopresidenteibanez.cl\/web\/wp-json\/wp\/v2\/comments?post=39000"}],"version-history":[{"count":0,"href":"https:\/\/www.radiopresidenteibanez.cl\/web\/wp-json\/wp\/v2\/posts\/39000\/revisions"}],"wp:featuredmedia":[{"embeddable":true,"href":"https:\/\/www.radiopresidenteibanez.cl\/web\/wp-json\/wp\/v2\/media\/39001"}],"wp:attachment":[{"href":"https:\/\/www.radiopresidenteibanez.cl\/web\/wp-json\/wp\/v2\/media?parent=39000"}],"wp:term":[{"taxonomy":"category","embeddable":true,"href":"https:\/\/www.radiopresidenteibanez.cl\/web\/wp-json\/wp\/v2\/categories?post=39000"},{"taxonomy":"post_tag","embeddable":true,"href":"https:\/\/www.radiopresidenteibanez.cl\/web\/wp-json\/wp\/v2\/tags?post=39000"}],"curies":[{"name":"wp","href":"https:\/\/api.w.org\/{rel}","templated":true}]}}