{"id":38997,"date":"2023-04-18T14:47:00","date_gmt":"2023-04-18T17:47:00","guid":{"rendered":"https:\/\/www.radiopresidenteibanez.cl\/web\/?p=38997"},"modified":"2023-04-18T10:47:11","modified_gmt":"2023-04-18T13:47:11","slug":"plaza-de-justicia-y-dd-hh-llevara-susactividades-a-porvenir-y-cerro-sombrero","status":"publish","type":"post","link":"https:\/\/www.radiopresidenteibanez.cl\/web\/plaza-de-justicia-y-dd-hh-llevara-susactividades-a-porvenir-y-cerro-sombrero\/","title":{"rendered":"\u201cPLAZA DE JUSTICIA Y DD.HH.\u201d LLEVAR\u00c1 SUSACTIVIDADES A PORVENIR Y CERRO SOMBRERO"},"content":{"rendered":"\n<p>Con la presencia de una veintena de funcionarias y funcionarios p\u00fablicos, y una agenda de<br>actividades que se extender\u00e1 durante dos d\u00edas en la provincia de Tierra del Fuego, el martes 18 y el<br>mi\u00e9rcoles 19, la Secretar\u00eda Regional Ministerial de Justicia y DD.HH. realizar\u00e1 una nueva \u201cPlaza de<br>Justicia y Derechos Humanos\u201d, la que en esta oportunidad contar\u00e1 adem\u00e1s con prestaciones de<br>otras instituciones del Estado, destacando el apoyo a tr\u00e1mites para la \u201cOperaci\u00f3n Renta 2023\u201d.<br>As\u00ed lo destac\u00f3 la Seremi del ramo, Michelle Peutat Alvarado, quien invit\u00f3 a la ciudadan\u00eda de<br>Porvenir a hacerse parte este martes, de 16:00 a 18:30 horas, de un operativo de \u201cPlaza de<br>Justicia\u201d, que tendr\u00e1 lugar en la Escuela Bernardo O&#8217;Higgins de la capital fueguina.<br>All\u00ed habr\u00e1 atenciones en terreno de los servicios dependientes y relacionados del sector Justicia:<br>Servicio de Registro Civil e Identificaci\u00f3n, Gendarmer\u00eda de Chile, Corporaci\u00f3n de Asistencia Judicial<br>(CAJ), Defensor\u00eda Penal P\u00fablica, Servicio M\u00e9dico Legal (SML) y el Servicio Nacional de Menores<br>(Sename). La actividad contar\u00e1 adem\u00e1s con la presencia del Servicio de Impuestos Internos, la<br>Tesorer\u00eda General de la Rep\u00fablica y el Instituto de Previsi\u00f3n Social (IPS), adem\u00e1s de la venta de<br>diversos productos elaborados por emprendedores y emprendedoras de Porvenir.<br>Asimismo, la jornada del martes cerrar\u00e1 con una actividad de di\u00e1logo ciudadano denominada<br>\u201cJuntas con Justicia\u201d, a las 19:00 horas, en el Gimnasio de la Escuela Bernardo O&#8217;Higgins.<br>En tanto, el mi\u00e9rcoles 19 el equipo de Justicia se trasladar\u00e1 hasta la localidad de Cerro Sombrero,<br>donde a las 10:20 horas la Seremi Michelle Peutat y el Director Regional del Servicio M\u00e9dico Legal,<br>Dr. Ren\u00e9 Castro Cid, impartir\u00e1n la charla \u201cActualizaci\u00f3n de protocolo para el manejo de fallecidos<br>en Tierra del Fuego\u00bb.<\/p>\n","protected":false},"excerpt":{"rendered":"<p>Con la presencia de una veintena de funcionarias y funcionarios p\u00fablicos, y una agenda deactividades que se extender\u00e1 durante dos d\u00edas en la provincia de Tierra del Fuego, el martes&#8230; <a class=\"read-more\" href=\"https:\/\/www.radiopresidenteibanez.cl\/web\/plaza-de-justicia-y-dd-hh-llevara-susactividades-a-porvenir-y-cerro-sombrero\/\">Leer m\u00e1s<\/a><\/p>\n","protected":false},"author":2,"featured_media":38998,"comment_status":"closed","ping_status":"closed","sticky":false,"template":"","format":"standard","meta":{"footnotes":""},"categories":[1],"tags":[],"class_list":["post-38997","post","type-post","status-publish","format-standard","has-post-thumbnail","hentry","category-cronica"],"_links":{"self":[{"href":"https:\/\/www.radiopresidenteibanez.cl\/web\/wp-json\/wp\/v2\/posts\/38997","targetHints":{"allow":["GET"]}}],"collection":[{"href":"https:\/\/www.radiopresidenteibanez.cl\/web\/wp-json\/wp\/v2\/posts"}],"about":[{"href":"https:\/\/www.radiopresidenteibanez.cl\/web\/wp-json\/wp\/v2\/types\/post"}],"author":[{"embeddable":true,"href":"https:\/\/www.radiopresidenteibanez.cl\/web\/wp-json\/wp\/v2\/users\/2"}],"replies":[{"embeddable":true,"href":"https:\/\/www.radiopresidenteibanez.cl\/web\/wp-json\/wp\/v2\/comments?post=38997"}],"version-history":[{"count":0,"href":"https:\/\/www.radiopresidenteibanez.cl\/web\/wp-json\/wp\/v2\/posts\/38997\/revisions"}],"wp:featuredmedia":[{"embeddable":true,"href":"https:\/\/www.radiopresidenteibanez.cl\/web\/wp-json\/wp\/v2\/media\/38998"}],"wp:attachment":[{"href":"https:\/\/www.radiopresidenteibanez.cl\/web\/wp-json\/wp\/v2\/media?parent=38997"}],"wp:term":[{"taxonomy":"category","embeddable":true,"href":"https:\/\/www.radiopresidenteibanez.cl\/web\/wp-json\/wp\/v2\/categories?post=38997"},{"taxonomy":"post_tag","embeddable":true,"href":"https:\/\/www.radiopresidenteibanez.cl\/web\/wp-json\/wp\/v2\/tags?post=38997"}],"curies":[{"name":"wp","href":"https:\/\/api.w.org\/{rel}","templated":true}]}}