{"id":38994,"date":"2023-04-18T13:13:00","date_gmt":"2023-04-18T16:13:00","guid":{"rendered":"https:\/\/www.radiopresidenteibanez.cl\/web\/?p=38994"},"modified":"2023-04-18T10:44:05","modified_gmt":"2023-04-18T13:44:05","slug":"centro-internacional-cabo-de-hornos-y-gobierno-regional-impulsan-trabajo-para-consolidar-a-magallanes-como-polo-cientifico","status":"publish","type":"post","link":"https:\/\/www.radiopresidenteibanez.cl\/web\/centro-internacional-cabo-de-hornos-y-gobierno-regional-impulsan-trabajo-para-consolidar-a-magallanes-como-polo-cientifico\/","title":{"rendered":"CENTRO INTERNACIONAL CABO DE HORNOS Y GOBIERNO REGIONAL IMPULSAN TRABAJO PARA CONSOLIDAR A MAGALLANES COMO POLO CIENTIFICO"},"content":{"rendered":"\n<p>Estrechar la alianza estrat\u00e9gica con instituciones p\u00fablicas y privadas, y descentralizar la investigaci\u00f3n cient\u00edfica, fueron parte de las tem\u00e1ticas tratadas en la reuni\u00f3n realizada este este lunes entre el equipo del&nbsp;<a href=\"https:\/\/centrocabodehornos.com\/\" target=\"_blank\" rel=\"noreferrer noopener\"><strong>Centro Internacional Cabo de Hornos (CHIC, por sus siglas en ingl\u00e9s)<\/strong><\/a><strong>&nbsp;y el gobernador de la Regi\u00f3n de Magallanes y de la Ant\u00e1rtica Chilena, Jorge Flies A\u00f1\u00f3n.<\/strong><\/p>\n\n\n\n<p>A 18 meses de su funcionamiento, el Centro Internacional Cabo de Hornos, proyecto basal que es financiado por la Agencia Nacional de Investigaci\u00f3n y Desarrollo, ANID, en el que participan siete universidades y el Ciep de Ays\u00e9n, dio cuenta de los principales resultados en investigaci\u00f3n&nbsp; y transferencia local. Entre los avances destaca&nbsp;<strong>el descubrimiento de seis nuevas especies, entre ellos una nueva ave (el Rayadito Subant\u00e1rtico) que habita en las islas Diego Ram\u00edrez;&nbsp; la apertura de la primera carrera t\u00e9cnica m\u00e1s austral del mundo dictada por&nbsp; la UMAG junto al CHIC, el trabajo en conservaci\u00f3n en \u00e1reas protegidas y&nbsp; el trabajo articulado en conjunto con las comunidades educativas locales<\/strong>.<\/p>\n\n\n\n<p>El gobernador Jorge Flies destac\u00f3 el aporte del CHIC para el desarrollo regional y por su impulso de convertir a Magallanes en un polo cient\u00edfico. \u201c<strong>Es un proyecto muy innovador que lleva m\u00e1s de 25 a\u00f1os en la zona, y promueve la ciencia aplicada, es decir; vincula la&nbsp;<\/strong><strong>investigaci\u00f3n cient\u00edfica con las necesidades del territorio, especialmente en el \u00e1mbito de&nbsp;la educaci\u00f3n desde el nivel inicial y escolar, la conservaci\u00f3n marino-terrestre y el monitoreo de marea roja con nuevas metodolog\u00edas de an\u00e1lisis.&nbsp;&nbsp;<\/strong>&nbsp;El CHIC da cuenta del&nbsp;<strong>cumplimiento de&nbsp; sue\u00f1os de una nueva visi\u00f3n de desarrollo que ten\u00edamos desde hace varios a\u00f1os como, por ejemplo, tener por primera vez una carrera t\u00e9cnica de educaci\u00f3n superior\u201d<\/strong>, explic\u00f3 la autoridad regional.<\/p>\n\n\n\n<p><strong>Uno de los objetivos del CHIC es descentralizar y trabajar en conjunto con la comunidad de Puerto Williams<\/strong>, metas que resalt\u00f3 el gobernador Flies: \u201cQue la ciencia se acerque a todas y todos, que estemos con los ni\u00f1os, con los adultos con la pesca artesanal\u2026&nbsp; esto marca la diferencia y reposiciona lo que ha sido el sue\u00f1o de que la ciencias est\u00e9 m\u00e1s all\u00e1 de los laboratorios y que esto signifique un valor real para la sociedad\u201d.<\/p>\n\n\n\n<p>Potenciar esta alianza de universidades es uno de los objetivos prioritarios para el CHIC con sede en la ciudad de Puerto Williams. Para su&nbsp;<a href=\"https:\/\/capehorncenter.com\/equipo-chic\/perfil-investigador-ricardo-rozzi\/\" target=\"_blank\" rel=\"noreferrer noopener\"><strong>director Ricardo Rozzi<\/strong><\/a><strong>,&nbsp;<\/strong>\u201c<strong>con el CHIC basal se instala una experiencia extrema&nbsp; de descentralizaci\u00f3n de la ciencia en Chile puesto que es el centro cient\u00edfico m\u00e1s austral del continente americano,&nbsp;<\/strong>en que metaf\u00f3ricamente existe una simbiosis entre la universidad regional p\u00fablica UMAG y una red de universidades chilenas e internacionales en di\u00e1logo con el gobierno regional y otros actores.&nbsp;<strong>Esta red de colaboraci\u00f3n permite complementar escalas regionales nacionales, internacionales para enfrentar problemas complejos como el cambio clim\u00e1tico y m\u00e1s ampliamente el cambio socioambiental global,<\/strong>&nbsp;y en segundo abordar las causas indirectas de estos cambios al examinar los programas de ecuaci\u00f3n y proponer metodolog\u00edas educativas innovadoras\u201d.<\/p>\n\n\n\n<p>El CHIC es un consorcio que se potencia desde la&nbsp;<strong>Universidad de Magallanes<\/strong>, como instituci\u00f3n albergante. Al respecto, el&nbsp;<strong>rector de la instituci\u00f3n<\/strong>,&nbsp;<strong>Jos\u00e9 Maripani<\/strong>, destac\u00f3 que&nbsp;<strong>por primera vez un centro de investigaci\u00f3n de excelencia se alberga en la universidad p\u00fablica m\u00e1s austral del mundo.<\/strong>&nbsp;\u201c<strong>Estamos muy contentos con los avances del Centro Cabo de Hornos, sobre todo porque el beneficiario \u00faltimo es la comunidad,&nbsp; la regi\u00f3n y el pa\u00eds\u201d,<\/strong>&nbsp;destac\u00f3 la m\u00e1xima autoridad de la UMAG aludiendo a los avances desarrollados desde el CHIC y la instituci\u00f3n de educaci\u00f3n superior.<\/p>\n\n\n\n<p>El CHIC est\u00e1 albergado en la&nbsp;<a href=\"http:\/\/www.umag.cl\/\" target=\"_blank\" rel=\"noreferrer noopener\">Universidad de Magallanes<\/a>&nbsp;y es parte, tambi\u00e9n, de un consorcio de instituciones nacionales e institucionales como la&nbsp;<a href=\"https:\/\/www.uc.cl\/\" target=\"_blank\" rel=\"noreferrer noopener\">Pontificia Universidad Cat\u00f3lica<\/a>,&nbsp;<a href=\"https:\/\/www.uchile.cl\/\" target=\"_blank\" rel=\"noreferrer noopener\">Universidad de Chile<\/a>, Universidad Central, Universidad de Talca, Universidad Cat\u00f3lica de Temuco, Universidad de Los Lagos y el Centro de Investigaci\u00f3n y Ecosistemas de la Patagonia, CIEP de Ays\u00e9n, adem\u00e1s del apoyo internacional de la&nbsp;<a href=\"https:\/\/www.unt.edu\/\" target=\"_blank\" rel=\"noreferrer noopener\">Universidad de North Texas<\/a>.<\/p>\n","protected":false},"excerpt":{"rendered":"<p>Estrechar la alianza estrat\u00e9gica con instituciones p\u00fablicas y privadas, y descentralizar la investigaci\u00f3n cient\u00edfica, fueron parte de las tem\u00e1ticas tratadas en la reuni\u00f3n realizada este este lunes entre el equipo&#8230; <a class=\"read-more\" href=\"https:\/\/www.radiopresidenteibanez.cl\/web\/centro-internacional-cabo-de-hornos-y-gobierno-regional-impulsan-trabajo-para-consolidar-a-magallanes-como-polo-cientifico\/\">Leer m\u00e1s<\/a><\/p>\n","protected":false},"author":2,"featured_media":38995,"comment_status":"closed","ping_status":"closed","sticky":false,"template":"","format":"standard","meta":{"footnotes":""},"categories":[1],"tags":[],"class_list":["post-38994","post","type-post","status-publish","format-standard","has-post-thumbnail","hentry","category-cronica"],"_links":{"self":[{"href":"https:\/\/www.radiopresidenteibanez.cl\/web\/wp-json\/wp\/v2\/posts\/38994","targetHints":{"allow":["GET"]}}],"collection":[{"href":"https:\/\/www.radiopresidenteibanez.cl\/web\/wp-json\/wp\/v2\/posts"}],"about":[{"href":"https:\/\/www.radiopresidenteibanez.cl\/web\/wp-json\/wp\/v2\/types\/post"}],"author":[{"embeddable":true,"href":"https:\/\/www.radiopresidenteibanez.cl\/web\/wp-json\/wp\/v2\/users\/2"}],"replies":[{"embeddable":true,"href":"https:\/\/www.radiopresidenteibanez.cl\/web\/wp-json\/wp\/v2\/comments?post=38994"}],"version-history":[{"count":0,"href":"https:\/\/www.radiopresidenteibanez.cl\/web\/wp-json\/wp\/v2\/posts\/38994\/revisions"}],"wp:featuredmedia":[{"embeddable":true,"href":"https:\/\/www.radiopresidenteibanez.cl\/web\/wp-json\/wp\/v2\/media\/38995"}],"wp:attachment":[{"href":"https:\/\/www.radiopresidenteibanez.cl\/web\/wp-json\/wp\/v2\/media?parent=38994"}],"wp:term":[{"taxonomy":"category","embeddable":true,"href":"https:\/\/www.radiopresidenteibanez.cl\/web\/wp-json\/wp\/v2\/categories?post=38994"},{"taxonomy":"post_tag","embeddable":true,"href":"https:\/\/www.radiopresidenteibanez.cl\/web\/wp-json\/wp\/v2\/tags?post=38994"}],"curies":[{"name":"wp","href":"https:\/\/api.w.org\/{rel}","templated":true}]}}