{"id":38988,"date":"2023-04-18T11:48:00","date_gmt":"2023-04-18T14:48:00","guid":{"rendered":"https:\/\/www.radiopresidenteibanez.cl\/web\/?p=38988"},"modified":"2023-04-18T09:52:44","modified_gmt":"2023-04-18T12:52:44","slug":"estudiantes-de-pedagogia-de-la-umag-conocieron-el-plan-de-reactivacion-educativa-del-ministerio-de-educacion","status":"publish","type":"post","link":"https:\/\/www.radiopresidenteibanez.cl\/web\/estudiantes-de-pedagogia-de-la-umag-conocieron-el-plan-de-reactivacion-educativa-del-ministerio-de-educacion\/","title":{"rendered":"ESTUDIANTES DE PEDAGOG\u00cdA DE LA UMAG CONOCIERON EL PLAN DE REACTIVACION EDUCATIVA DEL MINISTERIO DE EDUCACION"},"content":{"rendered":"\n<p>Durante la ma\u00f1ana del jueves, la jefa de la Divisi\u00f3n de Educaci\u00f3n General (DEG) del Ministerio de Educaci\u00f3n, Andrea Osorio, present\u00f3 el Plan de Reactivaci\u00f3n Educativa a las y los estudiantes de distintas Pedagog\u00edas de la Universidad de Magallanes (Umag), junto a la coordinadora nacional del \u00c1rea de Liderazgo y Gesti\u00f3n para la Mejora Educativa, Pamela Y\u00e1\u00f1ez, y el seremi de Educaci\u00f3n de Magallanes, Valent\u00edn Aguilera G\u00f3mez.<\/p>\n\n\n\n<p>Tras su exposici\u00f3n en el Sal\u00f3n Ernesto Livacic de la Umag, Andrea Osorio, explic\u00f3 que para la&nbsp;&nbsp;instituci\u00f3n es muy importante el contacto con diferentes actores de la sociedad, valorando la posibilidad de poder dialogar con los estudiantes de pedagog\u00edas e inspirarlos tambi\u00e9n a sumarse a este Plan de Reactivaci\u00f3n Educativa que hoy d\u00eda est\u00e1 en el centro del quehacer del Ministerio de Educaci\u00f3n.<\/p>\n\n\n\n<p>\u201cTenemos desaf\u00edos muy importantes respecto de recuperar y construir climas de confianza adecuados, con sana convivencia al interior de las comunidades educativas. Tenemos grandes desaf\u00edos como mejorar asistencia, permanencia en los establecimientos educativos. Y por supuesto, tambi\u00e9n mejorar aprendizajes. Es importante para el pa\u00eds y es importante para la vida de cada una de las personas, ni\u00f1as, ni\u00f1os, j\u00f3venes y adultos que participan de los procesos educativos y que esperamos que este sistema se ampl\u00ede, en tanto las oportunidades de aprendizajes que pueda brindar para que estos impacten en una calidad de vida que les permita un desarrollo pleno a todas las personas\u201d, se\u00f1al\u00f3 la jefa de la Divisi\u00f3n de Educaci\u00f3n General (DEG) del Mineduc.<\/p>\n\n\n\n<p>Luego las autoridades educativas visitaron la Escuela Villa las Nieves donde compartieron con el equipo directivo, profesores y estudiantes del establecimiento, mediante una actividad de Fomento Lector en la Biblioteca CRA. Por la tarde, participaron de la Mesa SAC (Sistema de Aseguramiento de la Calidad) donde estuvieron presentes representantes de la Seremi de Educaci\u00f3n, Direcci\u00f3n Provincial de Educaci\u00f3n, Agencia de Calidad, Superintendencia de Educaci\u00f3n, Servicio Local de Educaci\u00f3n P\u00fablica, Subsecretar\u00eda de Educaci\u00f3n Parvularia, Junji e Integra. Finalmente, en el Sal\u00f3n Gabriela Mistral de la Secreduc, se desarroll\u00f3 una reuni\u00f3n t\u00e9cnica de trabajo con los equipos del Departamento de Educaci\u00f3n y la Direcci\u00f3n Provincial de Educaci\u00f3n.<\/p>\n\n\n\n<p>\u201cHemos recibido la visita de importantes jefaturas del nivel central del Ministerio de Educaci\u00f3n, para conversar con diferentes equipos sobre los principales aspectos del Plan de Reactivaci\u00f3n Educativa. Nos hemos reunido con estudiantes de Pedagog\u00eda de la Universidad de Magallanes, para invitarles a participar de este gran desaf\u00edo pa\u00eds que es la reactivaci\u00f3n, visitamos una escuela para conocer los esfuerzos en Fomento Lector que realizan los establecimientos en nuestra regi\u00f3n, nos hemos reunido con la institucionalidad regional para conversar sobre nuestras principales tareas y con los y las funcionarias de los equipos de Educaci\u00f3n y Direcci\u00f3n Provincial para analizar nuestro Plan Regional. En s\u00edntesis, ha sido una visita muy productiva a la luz de enfrentar de la mejor manera posible los desaf\u00edos educativos que tenemos en Magallanes\u201d, afirm\u00f3 el seremi de Educaci\u00f3n, Valent\u00edn Aguilera G\u00f3mez.<\/p>\n","protected":false},"excerpt":{"rendered":"<p>Durante la ma\u00f1ana del jueves, la jefa de la Divisi\u00f3n de Educaci\u00f3n General (DEG) del Ministerio de Educaci\u00f3n, Andrea Osorio, present\u00f3 el Plan de Reactivaci\u00f3n Educativa a las y los&#8230; <a class=\"read-more\" href=\"https:\/\/www.radiopresidenteibanez.cl\/web\/estudiantes-de-pedagogia-de-la-umag-conocieron-el-plan-de-reactivacion-educativa-del-ministerio-de-educacion\/\">Leer m\u00e1s<\/a><\/p>\n","protected":false},"author":2,"featured_media":38989,"comment_status":"closed","ping_status":"closed","sticky":false,"template":"","format":"standard","meta":{"footnotes":""},"categories":[1],"tags":[],"class_list":["post-38988","post","type-post","status-publish","format-standard","has-post-thumbnail","hentry","category-cronica"],"_links":{"self":[{"href":"https:\/\/www.radiopresidenteibanez.cl\/web\/wp-json\/wp\/v2\/posts\/38988","targetHints":{"allow":["GET"]}}],"collection":[{"href":"https:\/\/www.radiopresidenteibanez.cl\/web\/wp-json\/wp\/v2\/posts"}],"about":[{"href":"https:\/\/www.radiopresidenteibanez.cl\/web\/wp-json\/wp\/v2\/types\/post"}],"author":[{"embeddable":true,"href":"https:\/\/www.radiopresidenteibanez.cl\/web\/wp-json\/wp\/v2\/users\/2"}],"replies":[{"embeddable":true,"href":"https:\/\/www.radiopresidenteibanez.cl\/web\/wp-json\/wp\/v2\/comments?post=38988"}],"version-history":[{"count":0,"href":"https:\/\/www.radiopresidenteibanez.cl\/web\/wp-json\/wp\/v2\/posts\/38988\/revisions"}],"wp:featuredmedia":[{"embeddable":true,"href":"https:\/\/www.radiopresidenteibanez.cl\/web\/wp-json\/wp\/v2\/media\/38989"}],"wp:attachment":[{"href":"https:\/\/www.radiopresidenteibanez.cl\/web\/wp-json\/wp\/v2\/media?parent=38988"}],"wp:term":[{"taxonomy":"category","embeddable":true,"href":"https:\/\/www.radiopresidenteibanez.cl\/web\/wp-json\/wp\/v2\/categories?post=38988"},{"taxonomy":"post_tag","embeddable":true,"href":"https:\/\/www.radiopresidenteibanez.cl\/web\/wp-json\/wp\/v2\/tags?post=38988"}],"curies":[{"name":"wp","href":"https:\/\/api.w.org\/{rel}","templated":true}]}}