{"id":38985,"date":"2023-04-18T10:59:00","date_gmt":"2023-04-18T13:59:00","guid":{"rendered":"https:\/\/www.radiopresidenteibanez.cl\/web\/?p=38985"},"modified":"2023-04-18T09:41:21","modified_gmt":"2023-04-18T12:41:21","slug":"asume-la-nueva-coordinadora-de-seguridad-publica-de-magallanes","status":"publish","type":"post","link":"https:\/\/www.radiopresidenteibanez.cl\/web\/asume-la-nueva-coordinadora-de-seguridad-publica-de-magallanes\/","title":{"rendered":"ASUME LA NUEVA COORDINADORA DE SEGURIDAD PUBLICA DE MAGALLANES"},"content":{"rendered":"\n<p>Tal y como fue anunciado la semana pasada, hoy asumi\u00f3 la nueva<br>Coordinadora de Seguridad P\u00fablica en la Regi\u00f3n de Magallanes, Carla Barrientos, la profesional fue<br>oficializada por la Delegada Presidencial Regional, Luz Berm\u00fadez Sandoval, y hoy sostuvieron su<br>primera reuni\u00f3n de trabajo.<br>La Delegada Presidencial, destac\u00f3 la incorporaci\u00f3n de la nueva Coordinadora y relev\u00f3 la importancia<br>de trabajar estrechamente articulados, redoblando los esfuerzos para el desarrollo de planes y<br>poniendo al servicio de la comunidad todas las herramientas para su seguridad. \u201cHoy asume Carla<br>Barrientos en la Coordinaci\u00f3n de Seguridad y Prevenci\u00f3n del Delito ac\u00e1 en nuestra regi\u00f3n, y ya<br>estamos conversando sobre c\u00f3mo fortalecer el trabajo que se ha estado realizando. Sabemos que la<br>seguridad es una preocupaci\u00f3n importante en nuestra regi\u00f3n, sobre todo pensando en la calidad de<br>vida de las y los magall\u00e1nicos, por lo cual creemos que podemos potenciar nuestro trabajo en<br>t\u00e9rminos de prevenci\u00f3n\u201d.<br>Carla Barrientos es Ingeniera en Administraci\u00f3n P\u00fablica y Municipal, Diplomada en Gesti\u00f3n<br>Directiva y Gesti\u00f3n P\u00fablica, egresada de Derecho de la Universidad Andr\u00e9s Bello (UNAB), cuenta<br>con experiencia en el servicio p\u00fablico, la que contribuir\u00e1 a cumplir los objetivos que demanda su<br>cargo, al ser consultada manifest\u00f3 sentirse \u201cmuy contenta por la responsabilidad que se me ha<br>entregado. A partir de hoy trabajando ya con el equipo muy temprano en la ma\u00f1ana, interioriz\u00e1ndome<br>del trabajo que lleva la Coordinaci\u00f3n Regional de Prevenci\u00f3n del Delito. As\u00ed es que estamos<br>trabajando ya en organizar reuniones para comenzar a hacer las coordinaciones. Entendemos que la<br>ciudadan\u00eda requiere de respuestas concretas de parte de las instituciones, as\u00ed es que es el foco que le<br>vamos a dar de aqu\u00ed en adelante: trabajar por los ciudadanos y ciudadanas de nuestra regi\u00f3n\u201d.<br>Al ser consultada por el Plan \u201cCalles sin violencia\u201d, la Delegada Berm\u00fadez explic\u00f3 que se<br>contextualiza dentro de distintas medidas que se han estado trabajando desde el inicio de gobierno y<br>que abarcan distintos aspectos. \u201cHay uno que es mucho m\u00e1s profundo que tiene que ver con lo<br>legislativo, de poder fortalecer la persecuci\u00f3n del delito, poder liberar, por ejemplo, el secreto<\/p>\n\n\n\n<p>bancario, poder apuntar hacia el meollo de donde est\u00e1 el crimen organizado, pero tambi\u00e9n<br>paralelamente nos avocamos a las urgencias y en este caso Magallanes fue considerado\u201d.<br>La Delegada, acept\u00f3 que los datos de homicidio y otros delitos en Punta Arenas, no se comparan con<br>las otras comunas, pero explic\u00f3 \u201cpor el hecho de ser capital regional, cobr\u00f3 relevancia, y se gestion\u00f3<br>ante el ministerio que las capitales regionales pudi\u00e9semos trabajar preventivamente, de manera<br>focalizada y lo que se busca es precisamente, un trabajo potente en t\u00e9rminos de coordinaci\u00f3n e<br>inteligencia, de manera que los distintos dispositivos no dupliquen tareas y, por el contrario, se<br>comparta la informaci\u00f3n, puedan ir coordinando el accionar y vamos a seguir prepar\u00e1ndonos para<br>comenzar en mayo ac\u00e1 en Punta Arenas\u201d, puntualiz\u00f3 la autoridad regional.<\/p>\n","protected":false},"excerpt":{"rendered":"<p>Tal y como fue anunciado la semana pasada, hoy asumi\u00f3 la nuevaCoordinadora de Seguridad P\u00fablica en la Regi\u00f3n de Magallanes, Carla Barrientos, la profesional fueoficializada por la Delegada Presidencial Regional,&#8230; <a class=\"read-more\" href=\"https:\/\/www.radiopresidenteibanez.cl\/web\/asume-la-nueva-coordinadora-de-seguridad-publica-de-magallanes\/\">Leer m\u00e1s<\/a><\/p>\n","protected":false},"author":2,"featured_media":38986,"comment_status":"closed","ping_status":"closed","sticky":false,"template":"","format":"standard","meta":{"footnotes":""},"categories":[1],"tags":[],"class_list":["post-38985","post","type-post","status-publish","format-standard","has-post-thumbnail","hentry","category-cronica"],"_links":{"self":[{"href":"https:\/\/www.radiopresidenteibanez.cl\/web\/wp-json\/wp\/v2\/posts\/38985","targetHints":{"allow":["GET"]}}],"collection":[{"href":"https:\/\/www.radiopresidenteibanez.cl\/web\/wp-json\/wp\/v2\/posts"}],"about":[{"href":"https:\/\/www.radiopresidenteibanez.cl\/web\/wp-json\/wp\/v2\/types\/post"}],"author":[{"embeddable":true,"href":"https:\/\/www.radiopresidenteibanez.cl\/web\/wp-json\/wp\/v2\/users\/2"}],"replies":[{"embeddable":true,"href":"https:\/\/www.radiopresidenteibanez.cl\/web\/wp-json\/wp\/v2\/comments?post=38985"}],"version-history":[{"count":0,"href":"https:\/\/www.radiopresidenteibanez.cl\/web\/wp-json\/wp\/v2\/posts\/38985\/revisions"}],"wp:featuredmedia":[{"embeddable":true,"href":"https:\/\/www.radiopresidenteibanez.cl\/web\/wp-json\/wp\/v2\/media\/38986"}],"wp:attachment":[{"href":"https:\/\/www.radiopresidenteibanez.cl\/web\/wp-json\/wp\/v2\/media?parent=38985"}],"wp:term":[{"taxonomy":"category","embeddable":true,"href":"https:\/\/www.radiopresidenteibanez.cl\/web\/wp-json\/wp\/v2\/categories?post=38985"},{"taxonomy":"post_tag","embeddable":true,"href":"https:\/\/www.radiopresidenteibanez.cl\/web\/wp-json\/wp\/v2\/tags?post=38985"}],"curies":[{"name":"wp","href":"https:\/\/api.w.org\/{rel}","templated":true}]}}