{"id":38979,"date":"2023-04-18T09:13:00","date_gmt":"2023-04-18T12:13:00","guid":{"rendered":"https:\/\/www.radiopresidenteibanez.cl\/web\/?p=38979"},"modified":"2023-04-18T08:36:04","modified_gmt":"2023-04-18T11:36:04","slug":"yo-no-soy-un-ser-humano-dentro-de-la-instalacion-para-ti-soy-solo-un-mueble-si-acaso-una-refaccion-canta-jose-de-molina","status":"publish","type":"post","link":"https:\/\/www.radiopresidenteibanez.cl\/web\/yo-no-soy-un-ser-humano-dentro-de-la-instalacion-para-ti-soy-solo-un-mueble-si-acaso-una-refaccion-canta-jose-de-molina\/","title":{"rendered":"\u00ab..Yo no soy un ser humano dentro de la instalaci\u00f3n, para ti soy solo un mueble, si acaso una refacci\u00f3n..\u00bb canta Jose de Molina"},"content":{"rendered":"\n<p>&nbsp;Nosotros aspiramos a una nueva sociedad m\u00e1s digna y justa, pero tambi\u00e9n limpia de vicios y maldades propias de la naturaleza humana, que ser\u00e1n desterradas con un trabajo que requiere paciencia y tiempo.<br>Y en esto deben considerarse todas las inequidades del sistema que aborrecemos, pues de lo contrario vamos a contradecir parte importante del ideario que hemos defendido por largo tiempo.<br>Debemos combatir el alcoholismo y el consumo de drogas por ejemplo, pues son 2 de los m\u00e1s implacables enemigos instalados por el capital para someter a nuestro pueblo. No los \u00fanicos pero s\u00ed de los m\u00e1s importantes.<br>Recuerden siempre que ya desde antes de Recabarren, se hac\u00edan grandes esfuerzos para evitar que los obreros cayeran en la nefasta costumbre de gastar parte importante de sus miserables ingresos en la compra de alcohol, pues eso atenta contra la estabilidad familiar y el sustento de los hogares en especial el desarrollo de los hijos. \u00bfCuantos no tenemos ejemplos claros de esto en nuestro entorno e incluso en la propia familia?<br>Cuesta mucho reconocer los errores pasados y presentes, pero si no ponemos coto a lo que vivimos y seguimos demandando solo del Estado y quienes pululan a su alrededor soluciones a problemas que debemos atacar desde la ra\u00edz en nuestro entorno diario, estamos fregados y por mucho tiempo.<br>Los vicios nos hacen d\u00e9biles y proclives a ser \u00fatiles al modelo pues ellos saben aprovechar muy bien nuestras carencias.<\/p>\n\n\n\n<p>2.- Es el enemigo de clases el que pone trampas todo los d\u00edas. Un bono bajo cuerda, hacer la vista gorda con una infracci\u00f3n que no debe cometerse, validar lo que no es correcto solo por que los dem\u00e1s lo hacen y nadie les dice nada, pasarse de copas para despu\u00e9s justificar errores pues no se sab\u00eda lo que se estaba haciendo y diciendo, son una muestra de que no se busca el cambio profundo pues con el silencio, la omisi\u00f3n, la complicidad y\/o la justificaci\u00f3n, nos transformamos en c\u00f3mplices de la malas acciones y podemos llegar a repetirlas si se presenta la ocasi\u00f3n.<br>Derechamente se trata de decir y hacer, ya que de lo contrario solo estamos enunciando sue\u00f1os y aspiraciones en las que no estar\u00edamos creyendo.<\/p>\n","protected":false},"excerpt":{"rendered":"<p>&nbsp;Nosotros aspiramos a una nueva sociedad m\u00e1s digna y justa, pero tambi\u00e9n limpia de vicios y maldades propias de la naturaleza humana, que ser\u00e1n desterradas con un trabajo que requiere&#8230; <a class=\"read-more\" href=\"https:\/\/www.radiopresidenteibanez.cl\/web\/yo-no-soy-un-ser-humano-dentro-de-la-instalacion-para-ti-soy-solo-un-mueble-si-acaso-una-refaccion-canta-jose-de-molina\/\">Leer m\u00e1s<\/a><\/p>\n","protected":false},"author":2,"featured_media":38980,"comment_status":"closed","ping_status":"closed","sticky":false,"template":"","format":"standard","meta":{"footnotes":""},"categories":[1],"tags":[],"class_list":["post-38979","post","type-post","status-publish","format-standard","has-post-thumbnail","hentry","category-cronica"],"_links":{"self":[{"href":"https:\/\/www.radiopresidenteibanez.cl\/web\/wp-json\/wp\/v2\/posts\/38979","targetHints":{"allow":["GET"]}}],"collection":[{"href":"https:\/\/www.radiopresidenteibanez.cl\/web\/wp-json\/wp\/v2\/posts"}],"about":[{"href":"https:\/\/www.radiopresidenteibanez.cl\/web\/wp-json\/wp\/v2\/types\/post"}],"author":[{"embeddable":true,"href":"https:\/\/www.radiopresidenteibanez.cl\/web\/wp-json\/wp\/v2\/users\/2"}],"replies":[{"embeddable":true,"href":"https:\/\/www.radiopresidenteibanez.cl\/web\/wp-json\/wp\/v2\/comments?post=38979"}],"version-history":[{"count":0,"href":"https:\/\/www.radiopresidenteibanez.cl\/web\/wp-json\/wp\/v2\/posts\/38979\/revisions"}],"wp:featuredmedia":[{"embeddable":true,"href":"https:\/\/www.radiopresidenteibanez.cl\/web\/wp-json\/wp\/v2\/media\/38980"}],"wp:attachment":[{"href":"https:\/\/www.radiopresidenteibanez.cl\/web\/wp-json\/wp\/v2\/media?parent=38979"}],"wp:term":[{"taxonomy":"category","embeddable":true,"href":"https:\/\/www.radiopresidenteibanez.cl\/web\/wp-json\/wp\/v2\/categories?post=38979"},{"taxonomy":"post_tag","embeddable":true,"href":"https:\/\/www.radiopresidenteibanez.cl\/web\/wp-json\/wp\/v2\/tags?post=38979"}],"curies":[{"name":"wp","href":"https:\/\/api.w.org\/{rel}","templated":true}]}}