{"id":38976,"date":"2023-04-18T08:29:15","date_gmt":"2023-04-18T11:29:15","guid":{"rendered":"https:\/\/www.radiopresidenteibanez.cl\/web\/?p=38976"},"modified":"2023-04-18T08:29:22","modified_gmt":"2023-04-18T11:29:22","slug":"30-por-ciento-de-avance-registran-obras-del-programa-quiero-mi-barrio-en-eusebio-lillo-cumbres-patagonicas","status":"publish","type":"post","link":"https:\/\/www.radiopresidenteibanez.cl\/web\/30-por-ciento-de-avance-registran-obras-del-programa-quiero-mi-barrio-en-eusebio-lillo-cumbres-patagonicas\/","title":{"rendered":"30 POR CIENTO DE AVANCE REGISTRAN OBRAS DEL PROGRAMA QUIERO MI BARRIO EN EUSEBIO LILLO &#8211; CUMBRES PATAGONICAS"},"content":{"rendered":"\n<p>Este lunes, el Seremi de Vivienda y Urbanismo, Marco Uribe<br>Saldivia, junto a vecinos, equipos t\u00e9cnicos de la Seremi MINVU, el SERVIU y la Municipalidad,<br>efectuaron un recorrido por las obras del Proyecto \u201cConstrucci\u00f3n de muro de contenci\u00f3n,<br>mejoramiento de taludes y de circulaciones peatonales\u201d, que se ejecuta en el sector Eusebio Lillo<br>\u2013 Cumbres Patag\u00f3nicas, de la capital regional, en el marco del Programa Quiero Mi Barrio.<br>El Seremi Marco Uribe Saldivia inform\u00f3 \u201cRealizamos una visita al 30 por ciento de avance de esta<br>obra que consiste principalmente en la recuperaci\u00f3n de espacios p\u00fablicos que no contaban con la<br>seguridad pertinente, mediante la construcci\u00f3n de muros de contenci\u00f3n en zonas de talud y<br>mejoras en escaleras, generando recorridos peatonales apropiados. Felicitamos el nivel de<br>participaci\u00f3n en este proyecto, ya que la inversi\u00f3n del MINVU de m\u00e1s de 518 millones de pesos,<br>viene a dar respuesta concreta a la solicitud de los propios habitantes del sector.\u201d<br>El muro en construcci\u00f3n, de 155 metros lineales de extensi\u00f3n, tiene por objetivo detener el<br>socavamiento del terreno y degradaci\u00f3n de la capa vegetal que se genera en el deslinde de un<br>grupo de viviendas hacia el espacio p\u00fablico, el cual rematar\u00e1 en cada extremo con espacios de<br>encuentro a fin de reducir lugares de bajo control visual.<br>La integrante del Consejo vecinal de desarrollo, Rosa Provoste, manifest\u00f3 su gratitud por la<br>concreci\u00f3n de estos proyectos e indic\u00f3 \u201cEstamos contentos porque estos son proyectos que nos<\/p>\n\n\n\n<p>benefician a los vecinos de Cumbres Patag\u00f3nicas y Eusebio Lillo. Tanto los muros como las<br>escaleras son imprescindibles para los vecinos y nuestra seguridad\u201d.<br>La obra, que debiera concluir a mediados de este a\u00f1o, considera, adem\u00e1s, la reposici\u00f3n del<br>pasamanos en calle Ram\u00f3n Carnicer y la construcci\u00f3n de un muro de contenci\u00f3n en la vereda<br>norte de calle Ram\u00f3n Freire a un costado del Jard\u00edn Infantil \u201cCumbres Patag\u00f3nicas\u201d.<br>El alcalde Claudio Radonich Jim\u00e9nez, se\u00f1al\u00f3 su satisfacci\u00f3n por la alianza del Municipio con el<br>Ministerio de Vivienda y Urbanismo en el marco del Programa Quiero Mi Barrio, lo que permite la<br>intervenci\u00f3n de cuatro barrios de forma simult\u00e1nea en la capital regional.<br>Cabe se\u00f1alar que el Programa de Recuperaci\u00f3n de Barrios ya ejecut\u00f3 la \u201cobra de confianza\u201d en el<br>sector Eusebio Lillo \u2013 Cumbres patag\u00f3nicas, la cual consisti\u00f3 en el proyecto denominado \u201cEscalera y<br>Paradero Diversos Sectores\u201d, localizado en calle Ram\u00f3n Freire.<br>Luego del recorrido, las autoridades y equipos t\u00e9cnicos, sostuvieron un encuentro con vecinos y<br>vecinas, oportunidad en que se presentaron en detalle todos los avances registrados durante la<br>intervenci\u00f3n del Programa Quiero Mi Barrio.<\/p>\n","protected":false},"excerpt":{"rendered":"<p>Este lunes, el Seremi de Vivienda y Urbanismo, Marco UribeSaldivia, junto a vecinos, equipos t\u00e9cnicos de la Seremi MINVU, el SERVIU y la Municipalidad,efectuaron un recorrido por las obras del&#8230; <a class=\"read-more\" href=\"https:\/\/www.radiopresidenteibanez.cl\/web\/30-por-ciento-de-avance-registran-obras-del-programa-quiero-mi-barrio-en-eusebio-lillo-cumbres-patagonicas\/\">Leer m\u00e1s<\/a><\/p>\n","protected":false},"author":2,"featured_media":38977,"comment_status":"closed","ping_status":"closed","sticky":false,"template":"","format":"standard","meta":{"footnotes":""},"categories":[1],"tags":[],"class_list":["post-38976","post","type-post","status-publish","format-standard","has-post-thumbnail","hentry","category-cronica"],"_links":{"self":[{"href":"https:\/\/www.radiopresidenteibanez.cl\/web\/wp-json\/wp\/v2\/posts\/38976","targetHints":{"allow":["GET"]}}],"collection":[{"href":"https:\/\/www.radiopresidenteibanez.cl\/web\/wp-json\/wp\/v2\/posts"}],"about":[{"href":"https:\/\/www.radiopresidenteibanez.cl\/web\/wp-json\/wp\/v2\/types\/post"}],"author":[{"embeddable":true,"href":"https:\/\/www.radiopresidenteibanez.cl\/web\/wp-json\/wp\/v2\/users\/2"}],"replies":[{"embeddable":true,"href":"https:\/\/www.radiopresidenteibanez.cl\/web\/wp-json\/wp\/v2\/comments?post=38976"}],"version-history":[{"count":0,"href":"https:\/\/www.radiopresidenteibanez.cl\/web\/wp-json\/wp\/v2\/posts\/38976\/revisions"}],"wp:featuredmedia":[{"embeddable":true,"href":"https:\/\/www.radiopresidenteibanez.cl\/web\/wp-json\/wp\/v2\/media\/38977"}],"wp:attachment":[{"href":"https:\/\/www.radiopresidenteibanez.cl\/web\/wp-json\/wp\/v2\/media?parent=38976"}],"wp:term":[{"taxonomy":"category","embeddable":true,"href":"https:\/\/www.radiopresidenteibanez.cl\/web\/wp-json\/wp\/v2\/categories?post=38976"},{"taxonomy":"post_tag","embeddable":true,"href":"https:\/\/www.radiopresidenteibanez.cl\/web\/wp-json\/wp\/v2\/tags?post=38976"}],"curies":[{"name":"wp","href":"https:\/\/api.w.org\/{rel}","templated":true}]}}