{"id":38973,"date":"2023-04-17T18:50:00","date_gmt":"2023-04-17T21:50:00","guid":{"rendered":"https:\/\/www.radiopresidenteibanez.cl\/web\/?p=38973"},"modified":"2023-04-17T16:14:53","modified_gmt":"2023-04-17T19:14:53","slug":"serviu-anuncia-el-primer-llamado-2023-al-subsidio-para-sectores-medios","status":"publish","type":"post","link":"https:\/\/www.radiopresidenteibanez.cl\/web\/serviu-anuncia-el-primer-llamado-2023-al-subsidio-para-sectores-medios\/","title":{"rendered":"SERVIU ANUNCIA EL PRIMER LLAMADO 2023 AL SUBSIDIO PARA SECTORES MEDIOS"},"content":{"rendered":"\n<p>La Directora del Servicio de Vivienda y Urbanizaci\u00f3n (Serviu), Mar\u00eda Luz Gajardo Salazar, inform\u00f3 que desde este mi\u00e9rcoles 19 y hasta el 28 de abril estar\u00e1n abiertas las postulaciones al primer Llamado 2023 del Subsidio para Sectores Medios (D.S. N\u00b0 1).<\/p>\n\n\n\n<p>Este beneficio permite la compra de una vivienda nueva o usada, o bien construir una de hasta 140 mt2, en un sitio propio o densificaci\u00f3n predial, es decir, edificar una segunda casa donde ya existe una.<\/p>\n\n\n\n<p>Este beneficio, en sus diferentes modalidades, est\u00e1 enfocado para personas o familias que no son propietarias de una vivienda, que cuentan con una capacidad de ahorro o acceso a un cr\u00e9dito hipotecario, pero que requieren de un apoyo por parte del Estado para acceder a una soluci\u00f3n habitacional definitiva.<\/p>\n\n\n\n<p>\u201cSabemos que hay una gran deuda en la regi\u00f3n con los sectores medios, pasaron muchos a\u00f1os sin que se presentaran proyectos para satisfacer esta demanda y por eso estamos trabajando en un Plan Urbano Habitacional que nos permita adquirir terrenos para construir viviendas de Integraci\u00f3n Social\u201d, explic\u00f3 la Directora del Serviu, Mar\u00eda Luz Gajardo.<\/p>\n\n\n\n<p>La autoridad agreg\u00f3 que \u201cvivimos una emergencia habitacional y no hay una sola forma para abordarla. Tenemos distintos programas que permiten comprar o construir, con o sin familia; un programa de Arriendo que ayuda ahorrar para luego postular a una vivienda definitiva, y tambi\u00e9n subsidios que ayudan a las familias a ampliar y mejorar sus casas y barrios. Por eso el llamado es acercarse al Serviu a informarse\u201d.<\/p>\n\n\n\n<p>Este primer Llamado para postular al subsidio para Sectores Medios ser\u00e1 online, a trav\u00e9s de la p\u00e1gina www.minvu.cl. Para participar, se debe contar con la Clave \u00danica otorgada por el Servicio de Registro Civil.<\/p>\n","protected":false},"excerpt":{"rendered":"<p>La Directora del Servicio de Vivienda y Urbanizaci\u00f3n (Serviu), Mar\u00eda Luz Gajardo Salazar, inform\u00f3 que desde este mi\u00e9rcoles 19 y hasta el 28 de abril estar\u00e1n abiertas las postulaciones al&#8230; <a class=\"read-more\" href=\"https:\/\/www.radiopresidenteibanez.cl\/web\/serviu-anuncia-el-primer-llamado-2023-al-subsidio-para-sectores-medios\/\">Leer m\u00e1s<\/a><\/p>\n","protected":false},"author":2,"featured_media":38974,"comment_status":"closed","ping_status":"closed","sticky":false,"template":"","format":"standard","meta":{"footnotes":""},"categories":[1],"tags":[],"class_list":["post-38973","post","type-post","status-publish","format-standard","has-post-thumbnail","hentry","category-cronica"],"_links":{"self":[{"href":"https:\/\/www.radiopresidenteibanez.cl\/web\/wp-json\/wp\/v2\/posts\/38973","targetHints":{"allow":["GET"]}}],"collection":[{"href":"https:\/\/www.radiopresidenteibanez.cl\/web\/wp-json\/wp\/v2\/posts"}],"about":[{"href":"https:\/\/www.radiopresidenteibanez.cl\/web\/wp-json\/wp\/v2\/types\/post"}],"author":[{"embeddable":true,"href":"https:\/\/www.radiopresidenteibanez.cl\/web\/wp-json\/wp\/v2\/users\/2"}],"replies":[{"embeddable":true,"href":"https:\/\/www.radiopresidenteibanez.cl\/web\/wp-json\/wp\/v2\/comments?post=38973"}],"version-history":[{"count":0,"href":"https:\/\/www.radiopresidenteibanez.cl\/web\/wp-json\/wp\/v2\/posts\/38973\/revisions"}],"wp:featuredmedia":[{"embeddable":true,"href":"https:\/\/www.radiopresidenteibanez.cl\/web\/wp-json\/wp\/v2\/media\/38974"}],"wp:attachment":[{"href":"https:\/\/www.radiopresidenteibanez.cl\/web\/wp-json\/wp\/v2\/media?parent=38973"}],"wp:term":[{"taxonomy":"category","embeddable":true,"href":"https:\/\/www.radiopresidenteibanez.cl\/web\/wp-json\/wp\/v2\/categories?post=38973"},{"taxonomy":"post_tag","embeddable":true,"href":"https:\/\/www.radiopresidenteibanez.cl\/web\/wp-json\/wp\/v2\/tags?post=38973"}],"curies":[{"name":"wp","href":"https:\/\/api.w.org\/{rel}","templated":true}]}}