{"id":38963,"date":"2023-04-17T15:09:00","date_gmt":"2023-04-17T18:09:00","guid":{"rendered":"https:\/\/www.radiopresidenteibanez.cl\/web\/?p=38963"},"modified":"2023-04-17T11:09:57","modified_gmt":"2023-04-17T14:09:57","slug":"corte-de-punta-arenas-fijo-audiencia-publica-para-elaborar-terna-para-el-cargo-de-fiscal-regional-de-magallanes","status":"publish","type":"post","link":"https:\/\/www.radiopresidenteibanez.cl\/web\/corte-de-punta-arenas-fijo-audiencia-publica-para-elaborar-terna-para-el-cargo-de-fiscal-regional-de-magallanes\/","title":{"rendered":"CORTE DE PUNTA ARENAS FIJO AUDIENCIA PUBLICA PARA ELABORAR TERNA PARA EL CARGO DE FISCAL REGIONAL DE MAGALLANES"},"content":{"rendered":"\n<p>La Corte de Apelaciones de Punta Arenas fij\u00f3 para el viernes 21 de abril, a las 12 horas de<br>Magallanes, la audiencia p\u00fablica para elaborar la terna para el cargo&nbsp; de fiscal regional, vacante<br>tras la promoci\u00f3n de Eugenio Campos, designado como el director de la Unidad Anticorrupci\u00f3n de<br>la Fiscal\u00eda Nacional.<br>El&nbsp; Acuerdo N\u00b0 85-2023 establece \u201cen dicha oportunidad, se invitar\u00e1 a los postulantes a exponer<br>sobre los siguientes temas: 1) Forma en que desarrollar\u00eda eventualmente su funci\u00f3n; 2) Puntos de<br>vista sobre temas b\u00e1sicos de su espacialidad y funcionamiento de la instituci\u00f3n; 3) Planes de<br>trabajo&nbsp; y medios que propone para que su actividad sea eficiente y llevar a cabo los cambios que<br>sugiera\u201d.<br>El documento tambi\u00e9n establece que cada exposici\u00f3n tendr\u00e1 un tiempo m\u00e1ximo de ocho minutos,<br>sin perjuicio de las consultas que puedan formular los ministros. Adem\u00e1s, hace el llamado para<br>aquellos postulantes que se encuentren fuera de la regi\u00f3n de Magallanes y que deseen participar<br>en la audiencia a trav\u00e9s de video conferencia, deber\u00e1n formalizar la petici\u00f3n al correo electr\u00f3nico<br>ca_ptaarenas@pjud.cl , para efectuar las coordinaciones respectivas.<br>Los postulantes al cargo son nueve: Fernando Dobson Soto, Romina Moscoso Escobar, Alejandra<br>Guevara Mendoza, Rodrigo C\u00e9spedes Illanes, Oliver Rammsy Dickinson, Marta Pereira Saavedra,<br>Guillermo Richards Hormaz\u00e1bal, \u00c1lvaro P\u00e9rez Dalencort y Cristian Crisosto Riffo.<br>La audiencia ser\u00e1 transmitida en vivo por el canal de televisi\u00f3n del Poder Judicial<br>( www.poderjudicialtv.cl ).<\/p>\n","protected":false},"excerpt":{"rendered":"<p>La Corte de Apelaciones de Punta Arenas fij\u00f3 para el viernes 21 de abril, a las 12 horas deMagallanes, la audiencia p\u00fablica para elaborar la terna para el cargo&nbsp; de&#8230; <a class=\"read-more\" href=\"https:\/\/www.radiopresidenteibanez.cl\/web\/corte-de-punta-arenas-fijo-audiencia-publica-para-elaborar-terna-para-el-cargo-de-fiscal-regional-de-magallanes\/\">Leer m\u00e1s<\/a><\/p>\n","protected":false},"author":2,"featured_media":38964,"comment_status":"closed","ping_status":"closed","sticky":false,"template":"","format":"standard","meta":{"footnotes":""},"categories":[1],"tags":[],"class_list":["post-38963","post","type-post","status-publish","format-standard","has-post-thumbnail","hentry","category-cronica"],"_links":{"self":[{"href":"https:\/\/www.radiopresidenteibanez.cl\/web\/wp-json\/wp\/v2\/posts\/38963","targetHints":{"allow":["GET"]}}],"collection":[{"href":"https:\/\/www.radiopresidenteibanez.cl\/web\/wp-json\/wp\/v2\/posts"}],"about":[{"href":"https:\/\/www.radiopresidenteibanez.cl\/web\/wp-json\/wp\/v2\/types\/post"}],"author":[{"embeddable":true,"href":"https:\/\/www.radiopresidenteibanez.cl\/web\/wp-json\/wp\/v2\/users\/2"}],"replies":[{"embeddable":true,"href":"https:\/\/www.radiopresidenteibanez.cl\/web\/wp-json\/wp\/v2\/comments?post=38963"}],"version-history":[{"count":0,"href":"https:\/\/www.radiopresidenteibanez.cl\/web\/wp-json\/wp\/v2\/posts\/38963\/revisions"}],"wp:featuredmedia":[{"embeddable":true,"href":"https:\/\/www.radiopresidenteibanez.cl\/web\/wp-json\/wp\/v2\/media\/38964"}],"wp:attachment":[{"href":"https:\/\/www.radiopresidenteibanez.cl\/web\/wp-json\/wp\/v2\/media?parent=38963"}],"wp:term":[{"taxonomy":"category","embeddable":true,"href":"https:\/\/www.radiopresidenteibanez.cl\/web\/wp-json\/wp\/v2\/categories?post=38963"},{"taxonomy":"post_tag","embeddable":true,"href":"https:\/\/www.radiopresidenteibanez.cl\/web\/wp-json\/wp\/v2\/tags?post=38963"}],"curies":[{"name":"wp","href":"https:\/\/api.w.org\/{rel}","templated":true}]}}