{"id":3896,"date":"2019-05-03T15:13:34","date_gmt":"2019-05-03T15:13:34","guid":{"rendered":"http:\/\/www.radiopresidenteibanez.cl\/web\/?p=3896"},"modified":"2019-05-03T15:14:13","modified_gmt":"2019-05-03T15:14:13","slug":"consejero-bradasic-senala-que-gobierno-regional-core-y-carabineros-deben-aunar-posturas-y-reclamar-a-nivel-central-la-recuperacion-de-la-dotacion-policial","status":"publish","type":"post","link":"https:\/\/www.radiopresidenteibanez.cl\/web\/consejero-bradasic-senala-que-gobierno-regional-core-y-carabineros-deben-aunar-posturas-y-reclamar-a-nivel-central-la-recuperacion-de-la-dotacion-policial\/","title":{"rendered":"CONSEJERO BRADASIC SE\u00d1ALA QUE GOBIERNO REGIONAL, CORE Y CARABINEROS DEBEN AUNAR POSTURAS Y RECLAMAR A NIVEL CENTRAL LA RECUPERACION DE LA DOTACION POLICIAL"},"content":{"rendered":"\n<p>Como una medida centralista y poco concienzuda calific\u00f3 el Consejero de la Provincia de Magallanes, Antonio Bradasic, la llegada de s\u00f3lo 45 carabineros a la regi\u00f3n, en vez de 60 que correspondi\u00f3 al n\u00famero de funcionarios de esta Instituci\u00f3n que se alejaron de la regi\u00f3n. Esta situaci\u00f3n fue abordada la semana pasada en una reuni\u00f3n de an\u00e1lisis criminal donde asisti\u00f3 el Intendente de Magallanes Jos\u00e9 Fern\u00e1ndez junto a otras autoridades locales.<\/p>\n\n\n\n<p>Bradasic, manifest\u00f3 que frente a esta p\u00e9rdida para la regi\u00f3n, es necesario que el Gobierno Regional, el CORE y Carabineros a\u00fanen posturas y fuerza para exigir a nivel central que no se puede determinar arbitraria y unilateralmente el retiro de personal policial de una regi\u00f3n. Lo m\u00e1s probable es que a nivel nacional, en comparaci\u00f3n a otras regiones, presentemos menor cantidad de delitos. Pero esto no puede ser medido as\u00ed, sino, que cada regi\u00f3n debe ser analizada en relaci\u00f3n a su n\u00famero de habitantes e \u00edndices locales de delincuencia\u00bb.<\/p>\n\n\n\n<p>\u00abHoy tenemos nuevamente robos y quema de veh\u00edculos, hurtos, asaltos, acuchillados, intentos de violaciones y violaciones. Magallanes requiere mayor dotaci\u00f3n de Carabineros, a lo menos recuperar la perdida para tener mayor seguridad en la poblaci\u00f3n y que la percepci\u00f3n de la misma no disminuya. Propongo que como regi\u00f3n expongamos esta situaci\u00f3n al Ministerio del Interior y &nbsp;al alto mando de Carabineros, exigiendo revertir la medida que nos perjudica abiertamente como una zona extrema\u00bb<\/p>\n\n\n\n<p>Hago hincapi\u00e9 en otro punto expuesto en esta reuni\u00f3n y que se trata del alza&nbsp;en los delitos de mayor connotaci\u00f3n social, que significa once casos policiales m\u00e1s, y &nbsp;aunque&nbsp; se cumplan a\u00fan las metas como regi\u00f3n en materia de seguridad ciudadana, no podemos esperar de brazos cruzados que sigan creciendo los delitos y perdamos todo lo avanzado hasta el momento.<\/p>\n\n\n\n<p>El Consejero Regional, agreg\u00f3, ha sido un importante impulsor de la inversi\u00f3n p\u00fablica en el \u00e1mbito de la seguridad, financiando la construcci\u00f3n de cuarteles, apoyando la compra de veh\u00edculos y tecnolog\u00eda para las funciones propias de seguridad, este es un punto que tambi\u00e9n debe ser expuesto a nivel nacional.<\/p>\n\n\n\n<figure class=\"wp-block-image\"><img loading=\"lazy\" decoding=\"async\" width=\"1024\" height=\"683\" src=\"https:\/\/www.radiopresidenteibanez.cl\/web\/wp-content\/uploads\/2019\/05\/to\u00f1o-1024x683.jpg\" alt=\"\" class=\"wp-image-3897\" srcset=\"https:\/\/www.radiopresidenteibanez.cl\/web\/wp-content\/uploads\/2019\/05\/to\u00f1o-1024x683.jpg 1024w, https:\/\/www.radiopresidenteibanez.cl\/web\/wp-content\/uploads\/2019\/05\/to\u00f1o-300x200.jpg 300w, https:\/\/www.radiopresidenteibanez.cl\/web\/wp-content\/uploads\/2019\/05\/to\u00f1o-768x512.jpg 768w, https:\/\/www.radiopresidenteibanez.cl\/web\/wp-content\/uploads\/2019\/05\/to\u00f1o.jpg 1500w\" sizes=\"auto, (max-width: 1024px) 100vw, 1024px\" \/><\/figure>\n","protected":false},"excerpt":{"rendered":"<p>Como una medida centralista y poco concienzuda calific\u00f3 el Consejero de la Provincia de Magallanes, Antonio Bradasic, la llegada de s\u00f3lo 45 carabineros a la regi\u00f3n, en vez de 60&#8230; <a class=\"read-more\" href=\"https:\/\/www.radiopresidenteibanez.cl\/web\/consejero-bradasic-senala-que-gobierno-regional-core-y-carabineros-deben-aunar-posturas-y-reclamar-a-nivel-central-la-recuperacion-de-la-dotacion-policial\/\">Leer m\u00e1s<\/a><\/p>\n","protected":false},"author":2,"featured_media":3897,"comment_status":"closed","ping_status":"closed","sticky":false,"template":"","format":"standard","meta":{"footnotes":""},"categories":[1],"tags":[],"class_list":["post-3896","post","type-post","status-publish","format-standard","has-post-thumbnail","hentry","category-cronica"],"_links":{"self":[{"href":"https:\/\/www.radiopresidenteibanez.cl\/web\/wp-json\/wp\/v2\/posts\/3896","targetHints":{"allow":["GET"]}}],"collection":[{"href":"https:\/\/www.radiopresidenteibanez.cl\/web\/wp-json\/wp\/v2\/posts"}],"about":[{"href":"https:\/\/www.radiopresidenteibanez.cl\/web\/wp-json\/wp\/v2\/types\/post"}],"author":[{"embeddable":true,"href":"https:\/\/www.radiopresidenteibanez.cl\/web\/wp-json\/wp\/v2\/users\/2"}],"replies":[{"embeddable":true,"href":"https:\/\/www.radiopresidenteibanez.cl\/web\/wp-json\/wp\/v2\/comments?post=3896"}],"version-history":[{"count":0,"href":"https:\/\/www.radiopresidenteibanez.cl\/web\/wp-json\/wp\/v2\/posts\/3896\/revisions"}],"wp:featuredmedia":[{"embeddable":true,"href":"https:\/\/www.radiopresidenteibanez.cl\/web\/wp-json\/wp\/v2\/media\/3897"}],"wp:attachment":[{"href":"https:\/\/www.radiopresidenteibanez.cl\/web\/wp-json\/wp\/v2\/media?parent=3896"}],"wp:term":[{"taxonomy":"category","embeddable":true,"href":"https:\/\/www.radiopresidenteibanez.cl\/web\/wp-json\/wp\/v2\/categories?post=3896"},{"taxonomy":"post_tag","embeddable":true,"href":"https:\/\/www.radiopresidenteibanez.cl\/web\/wp-json\/wp\/v2\/tags?post=3896"}],"curies":[{"name":"wp","href":"https:\/\/api.w.org\/{rel}","templated":true}]}}