{"id":38948,"date":"2023-04-17T09:09:00","date_gmt":"2023-04-17T12:09:00","guid":{"rendered":"https:\/\/www.radiopresidenteibanez.cl\/web\/?p=38948"},"modified":"2023-04-17T08:25:10","modified_gmt":"2023-04-17T11:25:10","slug":"con-gran-participacion-de-ninos-y-ninas-se-realizo-feria-unidos-por-un-buen-trato","status":"publish","type":"post","link":"https:\/\/www.radiopresidenteibanez.cl\/web\/con-gran-participacion-de-ninos-y-ninas-se-realizo-feria-unidos-por-un-buen-trato\/","title":{"rendered":"CON GRAN PARTICIPACION DE NI\u00d1OS Y NI\u00d1AS SE REALIZO FERIA \u00abUNIDOS POR UN BUEN TRATO\u00bb"},"content":{"rendered":"\n<p>El d\u00eda s\u00e1bado 15 de abril se realiz\u00f3 en dependencias del CIJUM en la comuna de Punta Arenas una Feria de la infancia y familia denominada \u201cUnidos por el Buen Trato\u201d, donde se reunieron mas de 12 instituciones vinculadas en tem\u00e1ticas de infancia, adem\u00e1s de una mutualidad de la regi\u00f3n de Magallanes.<\/p>\n\n\n\n<p>En esta instancia cada instituci\u00f3n despleg\u00f3 stand informativos dirigidos a los ni\u00f1os, adolescentes y sus familias; adem\u00e1s se presentaron bandas en vivo, cuenta cuentos, juegos inflables, visitas guiadas a los carros de bomberos, vacunatorio, entre otras entretenciones para la familia.<\/p>\n\n\n\n<p>De acuerdo a la informaci\u00f3n entregada por Directora de OPD Punta Arenas do\u00f1a Fanny Villegas S., refiere que: <strong><em>\u201cla conmemoraci\u00f3n del mes del&nbsp; buen trato, genera que las instituciones desplegadas en \u00e9sta actividad, generen un espacio de esparcimiento y reconocimiento a la importancia que deben tener nuestros ni\u00f1os y j\u00f3venes de la comuna, dado que son ellos el futuro de nuestro pa\u00eds\u201d<\/em><\/strong>.<\/p>\n\n\n\n<p>Entre las instituciones que participaron en esta instancia se encontraban:&nbsp; OPD Punta Arenas, ONG Ra\u00edces, Junaeb, ONG Trekan, Integra, Servicio de Mejor Ni\u00f1ez, Programa Mi Abogado, Oficina Local de Infancia, Mutual de Seguridad IST, Corporaci\u00f3n Metodista, Carabineros y Bomberos.<\/p>\n","protected":false},"excerpt":{"rendered":"<p>El d\u00eda s\u00e1bado 15 de abril se realiz\u00f3 en dependencias del CIJUM en la comuna de Punta Arenas una Feria de la infancia y familia denominada \u201cUnidos por el Buen&#8230; <a class=\"read-more\" href=\"https:\/\/www.radiopresidenteibanez.cl\/web\/con-gran-participacion-de-ninos-y-ninas-se-realizo-feria-unidos-por-un-buen-trato\/\">Leer m\u00e1s<\/a><\/p>\n","protected":false},"author":2,"featured_media":38949,"comment_status":"closed","ping_status":"closed","sticky":false,"template":"","format":"standard","meta":{"footnotes":""},"categories":[1],"tags":[],"class_list":["post-38948","post","type-post","status-publish","format-standard","has-post-thumbnail","hentry","category-cronica"],"_links":{"self":[{"href":"https:\/\/www.radiopresidenteibanez.cl\/web\/wp-json\/wp\/v2\/posts\/38948","targetHints":{"allow":["GET"]}}],"collection":[{"href":"https:\/\/www.radiopresidenteibanez.cl\/web\/wp-json\/wp\/v2\/posts"}],"about":[{"href":"https:\/\/www.radiopresidenteibanez.cl\/web\/wp-json\/wp\/v2\/types\/post"}],"author":[{"embeddable":true,"href":"https:\/\/www.radiopresidenteibanez.cl\/web\/wp-json\/wp\/v2\/users\/2"}],"replies":[{"embeddable":true,"href":"https:\/\/www.radiopresidenteibanez.cl\/web\/wp-json\/wp\/v2\/comments?post=38948"}],"version-history":[{"count":0,"href":"https:\/\/www.radiopresidenteibanez.cl\/web\/wp-json\/wp\/v2\/posts\/38948\/revisions"}],"wp:featuredmedia":[{"embeddable":true,"href":"https:\/\/www.radiopresidenteibanez.cl\/web\/wp-json\/wp\/v2\/media\/38949"}],"wp:attachment":[{"href":"https:\/\/www.radiopresidenteibanez.cl\/web\/wp-json\/wp\/v2\/media?parent=38948"}],"wp:term":[{"taxonomy":"category","embeddable":true,"href":"https:\/\/www.radiopresidenteibanez.cl\/web\/wp-json\/wp\/v2\/categories?post=38948"},{"taxonomy":"post_tag","embeddable":true,"href":"https:\/\/www.radiopresidenteibanez.cl\/web\/wp-json\/wp\/v2\/tags?post=38948"}],"curies":[{"name":"wp","href":"https:\/\/api.w.org\/{rel}","templated":true}]}}