{"id":3894,"date":"2019-05-03T15:04:45","date_gmt":"2019-05-03T15:04:45","guid":{"rendered":"http:\/\/www.radiopresidenteibanez.cl\/web\/?p=3894"},"modified":"2019-05-03T15:04:59","modified_gmt":"2019-05-03T15:04:59","slug":"buenas-noticias-por-ernesto-sepulveda","status":"publish","type":"post","link":"https:\/\/www.radiopresidenteibanez.cl\/web\/buenas-noticias-por-ernesto-sepulveda\/","title":{"rendered":"BUENAS NOTICIAS, POR ERNESTO SEPULVEDA"},"content":{"rendered":"\n<p>Amigos y amigas, cada d\u00eda que amanece, compruebo que estoy vivo, bastante sano, veo a mi hijo levant\u00e1ndose, y me pongo contento, me da esperanzas. Y es tan necesario en nuestros tiempos, el tener esperanzas, que desconozco como se podr\u00eda vivir sin ellas.<\/p>\n\n\n\n<p>Es que por todos lados, los medios nos llenan de noticias policiales, asaltos, violaciones, asesinatos, que si nos fi\u00e1ramos de ellos, ni siquiera querr\u00edamos salir de nuestras casas.<\/p>\n\n\n\n<p>No se trata de negar que ocurren cosas malas o desagradables, sino en centrarse en las cosas positivas. Por ejemplo, sab\u00edan ustedes que pese a los comentarios agoreros, e incluso al bulling de que fueron objeto, las diputadas Karol Cariola y Camila Vallejos, han visto avanzar su proyecto de ley para reducir la jornada de trabajo semanal de 45 a 40 horas semanales. De hecho se ha formado una verdadera bancada por las 40 horas, lo que da cuenta, que al menos en algunas cosas, los pol\u00edticos van a la par con la sociedad.<\/p>\n\n\n\n<p>&nbsp;En su viaje a China el presidente, junto a su familia y empresarios afines, tuvo una ins\u00f3lita actividad. Fue invitado de honor a la \u201cEscuela de cuadros\u201d del partido comunista chino. Algo as\u00ed como que ac\u00e1 fuera a a sede del PC y se reuniera con la Juventud comunista. Fuera de lo com\u00fan, es cierto. Pero me quedo con lo bueno, fue all\u00ed a pedirles a esos cuadros, que est\u00e9n muy alertas contra la corrupci\u00f3n. Y en esta materia no pueden haber dos opiniones.<\/p>\n\n\n\n<p>Bastante ha sufrido America Latina, con el esc\u00e1ndalo de Oldebrecht, donde m\u00e1s de 10 jefes de estado figuran recibiendo coimas millonarias. S\u00f3lo en Per\u00fa aparecen implicados 5 ex presidentes.<\/p>\n\n\n\n<p>En Chile, afortunadamente esa empresa no desembarc\u00f3. Pero tuvimos otras, PENTA, SQM, CORPESCA. Ahora nos enteramos que destacados y medi\u00e1ticos fiscales que llevaron casos emblem\u00e1ticos como el caso Caval, figuran en una trama que los vincula con importante figuras del actual gobierno. En un giro dram\u00e1tico, fiscales estrella que sal\u00edan todos los d\u00edas en la TV, ahora se acusan mutuamente de actuaciones irregulares, incluso de la comisi\u00f3n de delitos.<\/p>\n\n\n\n<p>&nbsp;Nuestro sistema procesal penal, es algo de&nbsp;&nbsp;cual sentirnos orgullosos, superamos un sistema anquilosado y lento, que eternizaba los procesos, y que entregaba al juez tanto la investigaci\u00f3n como la sanci\u00f3n de los delitos. Eso cambi\u00f3 para bien. Hoy existe un escrutinio directo, las audiencias son orales y p\u00fablicas. Es algo que hay que valorar, pero hay que extremar los cuidados, para que las amplias atribuciones y el poder que estos funcionarios ejercen, sean ejercidos con prudencia y transparencia.<\/p>\n\n\n\n<p>Todos pudimos ver esta semana, al presidente de la asociaci\u00f3n de Isapres, advirtiendo al pa\u00eds, que \u201clas isapres no pod\u00edan estar recibiendo gente enferma\u201d. Se refer\u00eda a que las utilidades de las mismas, se esfumar\u00edan si se las obligaba a brindar cobertura a todos por igual. Una frase insultante, no cabe duda. Incluso trat\u00e1ndose de personas enfermas, con riesgo vital, a mi me parece una frase criminal. Pero incluso de esa brutalidad, sale algo bueno. El gobierno pretend\u00eda tramitar una reforma al sistema de previsi\u00f3n de salud, que a juicio de muchos era solo un maquillaje para permitir que el sistema siga funcionando como hasta ahora. Con esto que ha sucedido, no basta con el despido del presidente de la asociaci\u00f3n de isapres. Todos coinciden en que \u00e9l solo dijo lo que todos en ese sector piensan.<\/p>\n\n\n\n<p>Lo grandes problemas de nuestro pa\u00eds, requieren altura de miras, requieren una visi\u00f3n compartida del mundo y la sociedad. Eso en este momento, no se ve, el gobierno cree que su obligaci\u00f3n es insistir con sus formulas neo-liberales, que han fracasado en todas partes. La soluci\u00f3n no es imponer un proyecto de ley, por diferencia de un voto, conseguido de apuro. La soluci\u00f3n es gobernar para todo el pa\u00eds, y eso se hace adoptando acuerdos con la oposici\u00f3n. En las materias en que no exista acuerdos, simplemente el gobierno no podr\u00e1 imponer su punto de vista.<\/p>\n\n\n\n<p>Es dif\u00edcil pensar ahora, a fines de abril de 2019, cual ir\u00e1 a ser la plataforma, el programa de los candidatos presidenciales del 2021. En mi opini\u00f3n, por las mismas razones ya enunciadas, quedar\u00e1n muchos y gruesos temas pendientes. En educaci\u00f3n, con la gratuidad que requiere ser extendida, hasta la universalidad. En salud, con la necesidad de un \u00fanico sistema de seguro colectivo de salud, administrado por el estado. En materia de pensiones, con el fin del sistema de las AFP y la capitalizaci\u00f3n individual, como mecanismo de ahorro obligatorio.<\/p>\n\n\n\n<p>La gran paradoja, es que quien gan\u00f3 las elecciones con la&nbsp;&nbsp;oferta de tiempos mejores, hoy vuelve a lo mismo de siempre, a privilegiar al peque\u00f1o segmento de grandes fortunas, que no son quienes le dieron la victoria. Las cifras de crecimiento se han ajustado ya dos veces a la baja, el desempleo sigue creciendo. Y cual es la soluci\u00f3n? Se anuncia que no se realizar\u00e1 este a\u00f1o la encuesta de empleo del INE. Que es la que ha medido este indicador en todos los gobiernos desde el a\u00f1o 1990.<\/p>\n\n\n\n<p>En econom\u00eda todo est\u00e1 relacionado. A mediados del a\u00f1o pasado, el banco central, inici\u00f3 el alza de las tasas de inter\u00e9s, considerando que \u201cel empleo se estaba recuperando mas fuerte de lo que dec\u00eda la encuesta del INE\u201d, la decisi\u00f3n de alzar la tasa se tom\u00f3 considerando datos de fuentes administrativas. Osea los datos de las AFP. Subir la tasa, hace el cr\u00e9dito mas caro, y se produce una reacci\u00f3n en cadena, que termina afectando al crecimiento.<\/p>\n\n\n\n<p>Estamos seguros de que los gobiernos, deben gobernar pensando en la pr\u00f3xima generaci\u00f3n, y no tomar decisiones con la \u00faltima encuesta en la mano.<\/p>\n\n\n\n<p>No estamos en Chile, para bancarnos un gobierno que no escuche a la gente, como hace Macri en Argentina. Estamos para avanzar en&nbsp;&nbsp;lo que se pueda avanzar, lo dem\u00e1s quedar\u00e1 como tarea para los gobiernos siguientes.<\/p>\n\n\n\n<p>Lo que es claro, es que pese a la furibunda campa\u00f1a en contra de la presidenta Bachelet y su legado de reformas, las transformaciones sociales iniciadas por ella, el actual gobierno no podr\u00e1 detenerlas, no podr\u00e1 derogarlas<\/p>\n\n\n\n<p>Y eso, son buenas noticias.<\/p>\n\n\n\n<figure class=\"wp-block-image\"><img loading=\"lazy\" decoding=\"async\" width=\"1024\" height=\"768\" src=\"http:\/\/www.radiopresidenteibanez.cl\/web\/wp-content\/uploads\/2019\/03\/IMG-20190310-WA0014-1024x768.jpg\" alt=\"\" class=\"wp-image-2310\" srcset=\"https:\/\/www.radiopresidenteibanez.cl\/web\/wp-content\/uploads\/2019\/03\/IMG-20190310-WA0014.jpg 1024w, https:\/\/www.radiopresidenteibanez.cl\/web\/wp-content\/uploads\/2019\/03\/IMG-20190310-WA0014-300x225.jpg 300w, https:\/\/www.radiopresidenteibanez.cl\/web\/wp-content\/uploads\/2019\/03\/IMG-20190310-WA0014-768x576.jpg 768w\" sizes=\"auto, (max-width: 1024px) 100vw, 1024px\" \/><\/figure>\n","protected":false},"excerpt":{"rendered":"<p>Amigos y amigas, cada d\u00eda que amanece, compruebo que estoy vivo, bastante sano, veo a mi hijo levant\u00e1ndose, y me pongo contento, me da esperanzas. Y es tan necesario en&#8230; <a class=\"read-more\" href=\"https:\/\/www.radiopresidenteibanez.cl\/web\/buenas-noticias-por-ernesto-sepulveda\/\">Leer m\u00e1s<\/a><\/p>\n","protected":false},"author":2,"featured_media":2310,"comment_status":"closed","ping_status":"closed","sticky":false,"template":"","format":"standard","meta":{"footnotes":""},"categories":[1],"tags":[],"class_list":["post-3894","post","type-post","status-publish","format-standard","has-post-thumbnail","hentry","category-cronica"],"_links":{"self":[{"href":"https:\/\/www.radiopresidenteibanez.cl\/web\/wp-json\/wp\/v2\/posts\/3894","targetHints":{"allow":["GET"]}}],"collection":[{"href":"https:\/\/www.radiopresidenteibanez.cl\/web\/wp-json\/wp\/v2\/posts"}],"about":[{"href":"https:\/\/www.radiopresidenteibanez.cl\/web\/wp-json\/wp\/v2\/types\/post"}],"author":[{"embeddable":true,"href":"https:\/\/www.radiopresidenteibanez.cl\/web\/wp-json\/wp\/v2\/users\/2"}],"replies":[{"embeddable":true,"href":"https:\/\/www.radiopresidenteibanez.cl\/web\/wp-json\/wp\/v2\/comments?post=3894"}],"version-history":[{"count":0,"href":"https:\/\/www.radiopresidenteibanez.cl\/web\/wp-json\/wp\/v2\/posts\/3894\/revisions"}],"wp:featuredmedia":[{"embeddable":true,"href":"https:\/\/www.radiopresidenteibanez.cl\/web\/wp-json\/wp\/v2\/media\/2310"}],"wp:attachment":[{"href":"https:\/\/www.radiopresidenteibanez.cl\/web\/wp-json\/wp\/v2\/media?parent=3894"}],"wp:term":[{"taxonomy":"category","embeddable":true,"href":"https:\/\/www.radiopresidenteibanez.cl\/web\/wp-json\/wp\/v2\/categories?post=3894"},{"taxonomy":"post_tag","embeddable":true,"href":"https:\/\/www.radiopresidenteibanez.cl\/web\/wp-json\/wp\/v2\/tags?post=3894"}],"curies":[{"name":"wp","href":"https:\/\/api.w.org\/{rel}","templated":true}]}}