{"id":3891,"date":"2019-05-03T15:00:32","date_gmt":"2019-05-03T15:00:32","guid":{"rendered":"http:\/\/www.radiopresidenteibanez.cl\/web\/?p=3891"},"modified":"2019-05-03T15:01:20","modified_gmt":"2019-05-03T15:01:20","slug":"argentino-fue-expulsado-del-pais-tras-ser-condenado-por-violento-asalto-en-la-capital-de-magallanes","status":"publish","type":"post","link":"https:\/\/www.radiopresidenteibanez.cl\/web\/argentino-fue-expulsado-del-pais-tras-ser-condenado-por-violento-asalto-en-la-capital-de-magallanes\/","title":{"rendered":"ARGENTINO FUE EXPULSADO DEL PA\u00cdS TRAS SER CONDENADO POR VIOLENTO ASALTO EN LA CAPITAL DE MAGALLANES"},"content":{"rendered":"\n<p>En la jornada de ayer, detectives del Departamento de Migraciones y\nPolic\u00eda Internacional de Punta Arenas dieron cumplimiento a la expulsi\u00f3n del\nterritorio nacional, de un ciudadano argentino, como parte de la condena\nimpuesta por el Juzgado de Garant\u00eda, contra el autor del delito de robo con\nviolencia, Jorge Ra\u00fal Neira, hecho registrado en noviembre del 2018.<\/p>\n\n\n\n<p>Cabe mencionar que el abogado defensor del expulsado fue quien\nconsigui\u00f3 su expulsi\u00f3n tras solicitarlo, argumentando que este hombre viv\u00eda en\ncalidad de indigente.<\/p>\n\n\n\n<p>La solicitud fue acogida en marzo pasado por la jueza Paula Stange,\nbajo la condici\u00f3n de que el imputado vuelva a Chile por lo menos dentro de diez\na\u00f1os.<\/p>\n\n\n\n<p>Cabe recordar que los hechos por el cual fue condenado a cinco a\u00f1os y un d\u00eda de c\u00e1rcel este sujeto, acontecieron en noviembre del a\u00f1o pasado, cuando el imputado se encontraba realizando malabarismo en la intersecci\u00f3n de Ovejero con avenida Espa\u00f1a, all\u00ed tres personas resultaron lesionadas por el imputado luego de una discusi\u00f3n en la que adem\u00e1s les rob\u00f3.<\/p>\n\n\n\n<figure class=\"wp-block-image\"><img loading=\"lazy\" decoding=\"async\" width=\"1024\" height=\"576\" src=\"https:\/\/www.radiopresidenteibanez.cl\/web\/wp-content\/uploads\/2019\/05\/IMG-20190502-WA0051-1024x576.jpg\" alt=\"\" class=\"wp-image-3892\" srcset=\"https:\/\/www.radiopresidenteibanez.cl\/web\/wp-content\/uploads\/2019\/05\/IMG-20190502-WA0051.jpg 1024w, https:\/\/www.radiopresidenteibanez.cl\/web\/wp-content\/uploads\/2019\/05\/IMG-20190502-WA0051-300x169.jpg 300w, https:\/\/www.radiopresidenteibanez.cl\/web\/wp-content\/uploads\/2019\/05\/IMG-20190502-WA0051-768x432.jpg 768w\" sizes=\"auto, (max-width: 1024px) 100vw, 1024px\" \/><\/figure>\n","protected":false},"excerpt":{"rendered":"<p>En la jornada de ayer, detectives del Departamento de Migraciones y Polic\u00eda Internacional de Punta Arenas dieron cumplimiento a la expulsi\u00f3n del territorio nacional, de un ciudadano argentino, como parte&#8230; <a class=\"read-more\" href=\"https:\/\/www.radiopresidenteibanez.cl\/web\/argentino-fue-expulsado-del-pais-tras-ser-condenado-por-violento-asalto-en-la-capital-de-magallanes\/\">Leer m\u00e1s<\/a><\/p>\n","protected":false},"author":2,"featured_media":3892,"comment_status":"closed","ping_status":"closed","sticky":false,"template":"","format":"standard","meta":{"footnotes":""},"categories":[6],"tags":[],"class_list":["post-3891","post","type-post","status-publish","format-standard","has-post-thumbnail","hentry","category-policial"],"_links":{"self":[{"href":"https:\/\/www.radiopresidenteibanez.cl\/web\/wp-json\/wp\/v2\/posts\/3891","targetHints":{"allow":["GET"]}}],"collection":[{"href":"https:\/\/www.radiopresidenteibanez.cl\/web\/wp-json\/wp\/v2\/posts"}],"about":[{"href":"https:\/\/www.radiopresidenteibanez.cl\/web\/wp-json\/wp\/v2\/types\/post"}],"author":[{"embeddable":true,"href":"https:\/\/www.radiopresidenteibanez.cl\/web\/wp-json\/wp\/v2\/users\/2"}],"replies":[{"embeddable":true,"href":"https:\/\/www.radiopresidenteibanez.cl\/web\/wp-json\/wp\/v2\/comments?post=3891"}],"version-history":[{"count":0,"href":"https:\/\/www.radiopresidenteibanez.cl\/web\/wp-json\/wp\/v2\/posts\/3891\/revisions"}],"wp:featuredmedia":[{"embeddable":true,"href":"https:\/\/www.radiopresidenteibanez.cl\/web\/wp-json\/wp\/v2\/media\/3892"}],"wp:attachment":[{"href":"https:\/\/www.radiopresidenteibanez.cl\/web\/wp-json\/wp\/v2\/media?parent=3891"}],"wp:term":[{"taxonomy":"category","embeddable":true,"href":"https:\/\/www.radiopresidenteibanez.cl\/web\/wp-json\/wp\/v2\/categories?post=3891"},{"taxonomy":"post_tag","embeddable":true,"href":"https:\/\/www.radiopresidenteibanez.cl\/web\/wp-json\/wp\/v2\/tags?post=3891"}],"curies":[{"name":"wp","href":"https:\/\/api.w.org\/{rel}","templated":true}]}}