{"id":38905,"date":"2023-04-14T09:22:00","date_gmt":"2023-04-14T12:22:00","guid":{"rendered":"https:\/\/www.radiopresidenteibanez.cl\/web\/?p=38905"},"modified":"2023-04-14T08:37:15","modified_gmt":"2023-04-14T11:37:15","slug":"autiridades-se-comprometen-a-empujar-una-buena-implementacion-de-la-ley-tea-en-la-region","status":"publish","type":"post","link":"https:\/\/www.radiopresidenteibanez.cl\/web\/autiridades-se-comprometen-a-empujar-una-buena-implementacion-de-la-ley-tea-en-la-region\/","title":{"rendered":"AUTIRIDADES SE COMPROMETEN A EMPUJAR UNA BUENA IMPLEMENTACION DE LA LEY TEA EN LA REGION"},"content":{"rendered":"\n<p>En el auditorio Ernesto Livacic de la Universidad de Magallanes, el Gobernador Regional, Jorge<br>Flies, la Delegada Presidencial, Luz Berm\u00fadez, el seremi de Gobierno, Andro Mimica y la<br>Presidenta de la Fundaci\u00f3n TEAbrazo, en representaci\u00f3n de la sociedad civil, Rosa Miranda,<br>firmaron un compromiso regional y trasversal para implementar la Ley TEA en la Regi\u00f3n de<br>Magallanes.<br>Recordemos que el 2 de marzo el Presidente de la Rep\u00fablica, Gabriel Boric, promulg\u00f3 la esperada<br>Ley TEA, la cual asegura el derecho a la igualdad de oportunidades y resguardar la inclusi\u00f3n social<br>de los ni\u00f1os, ni\u00f1as, adolescentes y adultos con Trastorno del Espectro Autista (TEA), eliminando<br>cualquier forma de discriminaci\u00f3n.<br>\u201cEl Presidente Gabriel Boric siempre nos ha pedido tener alternativas regionales para poder seguir<br>implementado y seguir avanzando en nuestro programa de Gobierno y \u00e9sta es una de ellas. A<br>trav\u00e9s de la aprobaci\u00f3n de la Ley Tea, nosotros tambi\u00e9n tenemos que comenzar a bajar y poner a<br>disposici\u00f3n al Estado, saber c\u00f3mo vamos avanzando desde cada una de las carteras para poder<br>llegar a este est\u00e1ndar m\u00ednimo que tenemos como sociedad\u201d, sostuvo el seremi de Gobierno,<br>Andro Mimica.<br>El Gobernador Regional, Jorge Flies, explic\u00f3 que: \u201cComo nueva Ley probablemente va a ver un<br>tiempo importante en formulaci\u00f3n de reglamentos, y ah\u00ed hemos tenido la invitaci\u00f3n de la<br>Delegada Presidencial y tambi\u00e9n del seremi de Gobierno, y obviamente de las agrupaciones, a<br>podernos sumar y adelantar, como lo hace habitualmente Magallanes, programas y proyectos, y<br>especialmente capacitaciones para temas que son fundamentales como por ejemplo el<br>diagn\u00f3stico, siempre el diagn\u00f3stico en el trastorno de espectro autista es relativamente tard\u00edo, y<br>mientras antes se hace el diagn\u00f3stico es mejor la intervenci\u00f3n multidisciplinaria\u201d<\/p>\n\n\n\n<p>La Delegada Presidencial, Luz Berm\u00fadez record\u00f3 que el trabajo es trasversal: Vamos a partir con la<br>capacitaci\u00f3n de equipo, es s\u00faper importante el tema de la detecci\u00f3n precoz, cuando se detecta<br>precozmente, las familias pueden acompa\u00f1ar mucho m\u00e1s, las familias logran adaptarse,<br>comprender y obviamente generar los espacios necesarios para la inclusi\u00f3n. Tenemos que partir<br>por eso, pero tambi\u00e9n est\u00e1 el trabajo del seremi de Educaci\u00f3n, quien ha hecho los esfuerzos para<br>poder generar los espacios en las escuelas, de poder socializar la Ley, que sepan cu\u00e1les son los<br>derechos; y tambi\u00e9n en salud hay un trabajo de la seremi en preparar a los profesionales que<br>tengan la capacidad diagnostica y detecci\u00f3n precoz.<br>Durante la ceremonia se agradeci\u00f3 el fuerte trabajo de la sociedad civil, a trav\u00e9s de sus<br>organizaciones sociales, con una especial menci\u00f3n a Rosa Miranda, fundadora de la agrupaci\u00f3n<br>TEAbrazo, quien ha liderado un despliegue social que ha empujado diversos logros, incluida la<br>promulgaci\u00f3n de esta Ley. \u201cPara nosotros es muy relevante como familias de la condici\u00f3n de<br>espectro autista y es no solamente para TEAbrazo Magallanes, sino que es a nivel regional para<br>todas las organizaciones porque es un compromiso que est\u00e1 escrito, donde necesitamos que<br>nuestros colegios, nuestros profesores, nuestros asistentes de la educaci\u00f3n, nuestras escuelas<br>especiales y la sociedad civil en general conozca lo que es la Ley, que se aplique y que se puedan<br>capacitar a todo quienes necesiten ser capacitados\u201d, sostuvo Rosa Miranda.<br>Tambi\u00e9n se reconoci\u00f3 a las empresas Edelmag y Cemento Mel\u00f3n, por su trabajo con la inclusi\u00f3n<br>laboral. Y a la Fundaci\u00f3n Misi\u00f3n Sur, quienes con diversos talleres y actividades ayudan al<br>desarrollo de ni\u00f1os y ni\u00f1as con neurodiversidad.<br>El seremi de Gobierno inform\u00f3 que en Magallanes contamos solamente con tres mujeres que<br>est\u00e1n capacitadas en el sistema ADOS y ADIR que permite la detecci\u00f3n temprana y precoz en las<br>ni\u00f1as, ni\u00f1os y adolescentes que tienen el espectro autista, \u201cy es por eso que necesitamos m\u00e1s,<br>necesitamos que tengamos detecci\u00f3n temprana en la Provincia de \u00daltima<br>Esperanza, en la Provincia Ant\u00e1rtica, y contar tambi\u00e9n con mayor detecci\u00f3n aqu\u00ed en Magallanes.<\/p>\n","protected":false},"excerpt":{"rendered":"<p>En el auditorio Ernesto Livacic de la Universidad de Magallanes, el Gobernador Regional, JorgeFlies, la Delegada Presidencial, Luz Berm\u00fadez, el seremi de Gobierno, Andro Mimica y laPresidenta de la Fundaci\u00f3n&#8230; <a class=\"read-more\" href=\"https:\/\/www.radiopresidenteibanez.cl\/web\/autiridades-se-comprometen-a-empujar-una-buena-implementacion-de-la-ley-tea-en-la-region\/\">Leer m\u00e1s<\/a><\/p>\n","protected":false},"author":2,"featured_media":38906,"comment_status":"closed","ping_status":"closed","sticky":false,"template":"","format":"standard","meta":{"footnotes":""},"categories":[1],"tags":[],"class_list":["post-38905","post","type-post","status-publish","format-standard","has-post-thumbnail","hentry","category-cronica"],"_links":{"self":[{"href":"https:\/\/www.radiopresidenteibanez.cl\/web\/wp-json\/wp\/v2\/posts\/38905","targetHints":{"allow":["GET"]}}],"collection":[{"href":"https:\/\/www.radiopresidenteibanez.cl\/web\/wp-json\/wp\/v2\/posts"}],"about":[{"href":"https:\/\/www.radiopresidenteibanez.cl\/web\/wp-json\/wp\/v2\/types\/post"}],"author":[{"embeddable":true,"href":"https:\/\/www.radiopresidenteibanez.cl\/web\/wp-json\/wp\/v2\/users\/2"}],"replies":[{"embeddable":true,"href":"https:\/\/www.radiopresidenteibanez.cl\/web\/wp-json\/wp\/v2\/comments?post=38905"}],"version-history":[{"count":0,"href":"https:\/\/www.radiopresidenteibanez.cl\/web\/wp-json\/wp\/v2\/posts\/38905\/revisions"}],"wp:featuredmedia":[{"embeddable":true,"href":"https:\/\/www.radiopresidenteibanez.cl\/web\/wp-json\/wp\/v2\/media\/38906"}],"wp:attachment":[{"href":"https:\/\/www.radiopresidenteibanez.cl\/web\/wp-json\/wp\/v2\/media?parent=38905"}],"wp:term":[{"taxonomy":"category","embeddable":true,"href":"https:\/\/www.radiopresidenteibanez.cl\/web\/wp-json\/wp\/v2\/categories?post=38905"},{"taxonomy":"post_tag","embeddable":true,"href":"https:\/\/www.radiopresidenteibanez.cl\/web\/wp-json\/wp\/v2\/tags?post=38905"}],"curies":[{"name":"wp","href":"https:\/\/api.w.org\/{rel}","templated":true}]}}