{"id":38896,"date":"2023-04-13T17:40:00","date_gmt":"2023-04-13T20:40:00","guid":{"rendered":"https:\/\/www.radiopresidenteibanez.cl\/web\/?p=38896"},"modified":"2023-04-13T15:56:36","modified_gmt":"2023-04-13T18:56:36","slug":"seremi-de-transportes-entrega-credenciales-de-residente-a-habitantes-de-puerto-eden","status":"publish","type":"post","link":"https:\/\/www.radiopresidenteibanez.cl\/web\/seremi-de-transportes-entrega-credenciales-de-residente-a-habitantes-de-puerto-eden\/","title":{"rendered":"SEREMI DE TRANSPORTES ENTREGA CREDENCIALES DE RESIDENTE A HABITANTES DE PUERTO EDEN"},"content":{"rendered":"\n<p>\u201cVolvemos a Puerto Ed\u00e9n despu\u00e9s de 7 a\u00f1os. Arribamos a la localidad habitada que se encuentra en el punto m\u00e1s al norte de este gran territorio, quiz\u00e1s el m\u00e1s retirado. Como zona aislada se encuentra dentro de las prioridades en la gesti\u00f3n de la unidad de transporte p\u00fablico regional. Y es el primer lugar remoto de dif\u00edcil acceso que visito antes de cumplirse un a\u00f1o de esta gesti\u00f3n\u201d se\u00f1al\u00f3 el seremi de Transportes y Telecomunicaciones Rodrigo Hern\u00e1ndez al retornar desde la provincia de \u00daltima Esperanza.<\/p>\n\n\n\n<p>Como habitante de la provincia de \u00daltima Esperanza, el Seremitt no escondi\u00f3 su satisfacci\u00f3n al poder acompa\u00f1ar a los funcionarios que hacen entrega de las credenciales de residentes a los habitantes de Puerto Ed\u00e9n, para que tengan un acceso expedito a la tarifa residente de los servicios de transporte mar\u00edtimo con los que pueden trasladarse hacia Puerto Natales por el sur y hasta Caleta Yungay y Puerto Montt por el norte.<\/p>\n\n\n\n<p>Este importante subsidio otorga conectividad a una de las zonas m\u00e1s aisladas de Magallanes y de la Ant\u00e1rtica Chilena. Uno de ellos se administra en conjunto con la regi\u00f3n de Ays\u00e9n y el otro s\u00f3lo desde Magallanes. Para este \u00faltimo, que conecta Puerto Natales con Puerto Montt pasando por Puerto Ed\u00e9n, se est\u00e1n trabajando las bases de licitaci\u00f3n. Por el otro subsidio, se recogieron inquietudes y sugerencias de las y los beneficiarios para incluir en el pr\u00f3ximo llamado.<\/p>\n\n\n\n<p>&nbsp;\u201cEn este encuentro con las y los habitantes de Puerto Ed\u00e9n, hemos querido acercar a la secretar\u00eda regional a la ciudadan\u00eda, considerando que el transporte y la conectividad es un derecho fundamental para todos los habitantes de nuestro pa\u00eds y el contacto con las autoridades, un acto b\u00e1sico de democracia\u201d, se\u00f1al\u00f3 el secretario regional.<\/p>\n","protected":false},"excerpt":{"rendered":"<p>\u201cVolvemos a Puerto Ed\u00e9n despu\u00e9s de 7 a\u00f1os. Arribamos a la localidad habitada que se encuentra en el punto m\u00e1s al norte de este gran territorio, quiz\u00e1s el m\u00e1s retirado&#8230;. <a class=\"read-more\" href=\"https:\/\/www.radiopresidenteibanez.cl\/web\/seremi-de-transportes-entrega-credenciales-de-residente-a-habitantes-de-puerto-eden\/\">Leer m\u00e1s<\/a><\/p>\n","protected":false},"author":2,"featured_media":38897,"comment_status":"closed","ping_status":"closed","sticky":false,"template":"","format":"standard","meta":{"footnotes":""},"categories":[1],"tags":[],"class_list":["post-38896","post","type-post","status-publish","format-standard","has-post-thumbnail","hentry","category-cronica"],"_links":{"self":[{"href":"https:\/\/www.radiopresidenteibanez.cl\/web\/wp-json\/wp\/v2\/posts\/38896","targetHints":{"allow":["GET"]}}],"collection":[{"href":"https:\/\/www.radiopresidenteibanez.cl\/web\/wp-json\/wp\/v2\/posts"}],"about":[{"href":"https:\/\/www.radiopresidenteibanez.cl\/web\/wp-json\/wp\/v2\/types\/post"}],"author":[{"embeddable":true,"href":"https:\/\/www.radiopresidenteibanez.cl\/web\/wp-json\/wp\/v2\/users\/2"}],"replies":[{"embeddable":true,"href":"https:\/\/www.radiopresidenteibanez.cl\/web\/wp-json\/wp\/v2\/comments?post=38896"}],"version-history":[{"count":0,"href":"https:\/\/www.radiopresidenteibanez.cl\/web\/wp-json\/wp\/v2\/posts\/38896\/revisions"}],"wp:featuredmedia":[{"embeddable":true,"href":"https:\/\/www.radiopresidenteibanez.cl\/web\/wp-json\/wp\/v2\/media\/38897"}],"wp:attachment":[{"href":"https:\/\/www.radiopresidenteibanez.cl\/web\/wp-json\/wp\/v2\/media?parent=38896"}],"wp:term":[{"taxonomy":"category","embeddable":true,"href":"https:\/\/www.radiopresidenteibanez.cl\/web\/wp-json\/wp\/v2\/categories?post=38896"},{"taxonomy":"post_tag","embeddable":true,"href":"https:\/\/www.radiopresidenteibanez.cl\/web\/wp-json\/wp\/v2\/tags?post=38896"}],"curies":[{"name":"wp","href":"https:\/\/api.w.org\/{rel}","templated":true}]}}