{"id":3888,"date":"2019-04-29T12:35:31","date_gmt":"2019-04-29T12:35:31","guid":{"rendered":"http:\/\/www.radiopresidenteibanez.cl\/web\/?p=3888"},"modified":"2019-05-15T21:12:12","modified_gmt":"2019-05-15T21:12:12","slug":"policia-de-investigaciones-realiza-investigacion-por-ataque-sexual-a-estudiante-en-puente-de-avenida-frei-en-punta-arenas","status":"publish","type":"post","link":"https:\/\/www.radiopresidenteibanez.cl\/web\/policia-de-investigaciones-realiza-investigacion-por-ataque-sexual-a-estudiante-en-puente-de-avenida-frei-en-punta-arenas\/","title":{"rendered":"POLIC\u00ccA DE INVESTIGACIONES REALIZA INVESTIGACI\u00d2N POR ATAQUE SEXUAL A ESTUDIANTE EN PUENTE DE AVENIDA FREI EN PUNTA ARENAS"},"content":{"rendered":"\n<p>Desde la ma\u00f1ana\nde ayer, la Brigada Investigadora de Delitos Sexuales de la PDI se encuentra\ntrabajando para dar con el paradero de un sujeto que habr\u00eda abusado de una\nmenor de 14 a\u00f1os en la v\u00eda p\u00fablica.<\/p>\n\n\n\n<p>De acuerdo a\nlos antecedentes, el hecho ocurri\u00f3 en la ma\u00f1ana de ayer cuando la v\u00edctima se\ndirig\u00eda a su establecimiento escolar, camino al centro de Punta Arenas. <\/p>\n\n\n\n<p>Habr\u00eda sido en\nese trayecto cuando en las inmediaciones del puente Frei y calle Costanera del\nR\u00edo, la menor fue interceptada por el sujeto que fue la oblig\u00f3 a caminar con \u00e9l\nhasta una plazoleta del sector, donde le habr\u00eda efectuado tocaciones de\nsignificaci\u00f3n sexual. &nbsp;<\/p>\n\n\n\n<p>Hasta el momento no hay personas detenidas por el hecho.<\/p>\n\n\n\n<figure class=\"wp-block-image\"><img loading=\"lazy\" decoding=\"async\" width=\"710\" height=\"399\" src=\"http:\/\/www.radiopresidenteibanez.cl\/web\/wp-content\/uploads\/2019\/05\/file_20181109140546.jpg\" alt=\"\" class=\"wp-image-3889\" srcset=\"https:\/\/www.radiopresidenteibanez.cl\/web\/wp-content\/uploads\/2019\/05\/file_20181109140546.jpg 710w, https:\/\/www.radiopresidenteibanez.cl\/web\/wp-content\/uploads\/2019\/05\/file_20181109140546-300x169.jpg 300w\" sizes=\"auto, (max-width: 710px) 100vw, 710px\" \/><\/figure>\n","protected":false},"excerpt":{"rendered":"<p>Desde la ma\u00f1ana de ayer, la Brigada Investigadora de Delitos Sexuales de la PDI se encuentra trabajando para dar con el paradero de un sujeto que habr\u00eda abusado de una&#8230; <a class=\"read-more\" href=\"https:\/\/www.radiopresidenteibanez.cl\/web\/policia-de-investigaciones-realiza-investigacion-por-ataque-sexual-a-estudiante-en-puente-de-avenida-frei-en-punta-arenas\/\">Leer m\u00e1s<\/a><\/p>\n","protected":false},"author":2,"featured_media":3889,"comment_status":"closed","ping_status":"closed","sticky":false,"template":"","format":"standard","meta":{"footnotes":""},"categories":[1],"tags":[],"class_list":["post-3888","post","type-post","status-publish","format-standard","has-post-thumbnail","hentry","category-cronica"],"_links":{"self":[{"href":"https:\/\/www.radiopresidenteibanez.cl\/web\/wp-json\/wp\/v2\/posts\/3888","targetHints":{"allow":["GET"]}}],"collection":[{"href":"https:\/\/www.radiopresidenteibanez.cl\/web\/wp-json\/wp\/v2\/posts"}],"about":[{"href":"https:\/\/www.radiopresidenteibanez.cl\/web\/wp-json\/wp\/v2\/types\/post"}],"author":[{"embeddable":true,"href":"https:\/\/www.radiopresidenteibanez.cl\/web\/wp-json\/wp\/v2\/users\/2"}],"replies":[{"embeddable":true,"href":"https:\/\/www.radiopresidenteibanez.cl\/web\/wp-json\/wp\/v2\/comments?post=3888"}],"version-history":[{"count":0,"href":"https:\/\/www.radiopresidenteibanez.cl\/web\/wp-json\/wp\/v2\/posts\/3888\/revisions"}],"wp:featuredmedia":[{"embeddable":true,"href":"https:\/\/www.radiopresidenteibanez.cl\/web\/wp-json\/wp\/v2\/media\/3889"}],"wp:attachment":[{"href":"https:\/\/www.radiopresidenteibanez.cl\/web\/wp-json\/wp\/v2\/media?parent=3888"}],"wp:term":[{"taxonomy":"category","embeddable":true,"href":"https:\/\/www.radiopresidenteibanez.cl\/web\/wp-json\/wp\/v2\/categories?post=3888"},{"taxonomy":"post_tag","embeddable":true,"href":"https:\/\/www.radiopresidenteibanez.cl\/web\/wp-json\/wp\/v2\/tags?post=3888"}],"curies":[{"name":"wp","href":"https:\/\/api.w.org\/{rel}","templated":true}]}}