{"id":38871,"date":"2023-04-13T09:08:00","date_gmt":"2023-04-13T12:08:00","guid":{"rendered":"https:\/\/www.radiopresidenteibanez.cl\/web\/?p=38871"},"modified":"2023-04-13T08:24:30","modified_gmt":"2023-04-13T11:24:30","slug":"informativo-matinal-orbe-7","status":"publish","type":"post","link":"https:\/\/www.radiopresidenteibanez.cl\/web\/informativo-matinal-orbe-7\/","title":{"rendered":"INFORMATIVO MATINAL ORBE"},"content":{"rendered":"\n<p>LINARES.- Al menos dos personas fallecieron y una veintena<br>resultaron heridas de diversa consideraci\u00f3n en el volcamiento<br>de un bus de pasajeros, ocurrido en la Ruta 5 Sur pasada la<br>medianoche del jueves a la altura de Linares, Regi\u00f3n del<br>Maule. Se trata de una m\u00e1quina de la empresa Pullman Tur, que<br>sali\u00f3 de Santiago cerca de las 21:30 horas del mi\u00e9rcoles<br>rumbo a la comuna de Lebu, en la Regi\u00f3n del Biob\u00edo.<\/p>\n\n\n\n<p>LINARES.- De acuerdo a Red de Emergencia, el accidente se<br>produjo en el kil\u00f3metro 289 de la v\u00eda, en el sector Putagan.<br>Personal de Carabineros y del Cuerpo de Bomberos de Linares<br>siguen trabajaron en el sitio del suceso, lo que provoc\u00f3 una<br>gran congesti\u00f3n vehicular en la ruta, en ambos sentidos.<\/p>\n\n\n\n<p>ARICA.- El Presidente Gabriel Boric conden\u00f3 el nuevo ataque<br>que sufrieron tres Carabineros en un operativo antidrogas en<br>La Florida, subrayando la necesidad de que todos los sectores<br>act\u00faen unidos y \u201csin oportunismos\u201d, ante las cr\u00edticas de la<br>oposici\u00f3n por la gesti\u00f3n del Gobierno ante la delincuencia.<br>Desde Arica, se\u00f1al\u00f3 que \u00abCarabineros y todas las<br>instituciones del Estado seguiremos combatiendo al narco y al<br>crimen organizado en todos los espacios, no les daremos<br>tregua\u00bb, afirm\u00f3.<\/p>\n\n\n\n<p>ARICA.- El mandatario agreg\u00f3 que \u00abla delincuencia no nace de<br>la noche a la ma\u00f1ana y hoy estamos haciendo lo que durante<br>demasiado tiempo se dej\u00f3 de hacer. Espero que todos, sin<br>oportunismo de ning\u00fan tipo se sumen a esta que es una causa<br>nacional\u00bb. En esa l\u00ednea, Boric advirti\u00f3 que esos esfuerzos no<br>son \u00abpor el gobierno, ni una encuesta, es por Chile y su<br>pueblo qu\u00e9 combatiremos en todos los frentes a la<br>delincuencia. No ser\u00e1 f\u00e1cil, pero esta batalla la vamos a<br>ganar\u00bb.<\/p>\n\n\n\n<p>SANTIAGO.- En tanto, la delegada presidencial metropolitana,<br>Constanza Mart\u00ednez, reafirm\u00f3 el apoyo del Gobierno a<br>Carabineros luego del nuevo ataque contra tres uniformados.<br>Tras visitar a los afectados en el hospital institucional,<br>se\u00f1al\u00f3 que \u00abreiteramos nuestro total apoyo a la instituci\u00f3n.<br>Han sido semanas dif\u00edciles, pero que nos muestran que s\u00f3lo a<br>trav\u00e9s de la unidad, de dejar las mezquindades pol\u00edticas de<br>lado, somos capaces de abordar una criminalidad que no quiere<br>dar tregua\u00bb, sostuvo.<\/p>\n\n\n\n<p>SANTIAGO.- La autoridad afirm\u00f3 que no \u00abvamos a naturalizar<br>este tipo de ataques, estamos trabajando para fortalecer un<br>trabajo colaborativo en cada uno de estos espacios donde hay<br>mayor cantidad de delitos violentos\u00bb. Ante las cr\u00edticas del<br>alcalde de La Florida, Rodolfo Carter, en contra del<br>Gobierno, al que acus\u00f3 de no responder sus llamados para<br>intervenir la zona del incidente, Mart\u00ednez se\u00f1al\u00f3 que \u00aben<br>momentos como este, el oportunismo pol\u00edtico no puede<br>existir\u00bb.<\/p>\n\n\n\n<p>SANTIAGO.- El general director de Carabineros, Ricardo Y\u00e1\u00f1ez,<br>abord\u00f3 el ataque que sufrieron los tres funcionarios ,<br>se\u00f1alando que \u00abesto es lo que enfrentan los carabineros todos<br>los d\u00edas\u00bb. \u00abHace pocos d\u00edas est\u00e1bamos lamentando la partida<br>de Daniel Palma, y hoy tres carabineros, nuevamente, porque<br>nosotros seguimos trabajando, estamos donde la gente lo<br>necesita, que est\u00e1n grave, heridos a bala\u00bb, sostuvo.<\/p>\n\n\n\n<p>SANTIAGO.- El general Y\u00e1\u00f1ez subray\u00f3 que \u00abesto no nos va a<br>hacer decaer, muy por el contrario, no bajamos los brazos,<br>seguimos de frente\u00bb. \u00abVamos a seguir combatiendo la<br>delincuencia, porque la gente as\u00ed lo necesita, as\u00ed lo<br>requiere, y esto es un llamado para decirles que aquellos que<br>se atreven, hoy d\u00eda van a enfrentar tambi\u00e9n el uso de las<br>armas por parte de Carabineros\u00bb, afirm\u00f3 el uniformado.<\/p>\n","protected":false},"excerpt":{"rendered":"<p>LINARES.- Al menos dos personas fallecieron y una veintenaresultaron heridas de diversa consideraci\u00f3n en el volcamientode un bus de pasajeros, ocurrido en la Ruta 5 Sur pasada lamedianoche del jueves&#8230; <a class=\"read-more\" href=\"https:\/\/www.radiopresidenteibanez.cl\/web\/informativo-matinal-orbe-7\/\">Leer m\u00e1s<\/a><\/p>\n","protected":false},"author":2,"featured_media":38872,"comment_status":"closed","ping_status":"closed","sticky":false,"template":"","format":"standard","meta":{"footnotes":""},"categories":[1],"tags":[],"class_list":["post-38871","post","type-post","status-publish","format-standard","has-post-thumbnail","hentry","category-cronica"],"_links":{"self":[{"href":"https:\/\/www.radiopresidenteibanez.cl\/web\/wp-json\/wp\/v2\/posts\/38871","targetHints":{"allow":["GET"]}}],"collection":[{"href":"https:\/\/www.radiopresidenteibanez.cl\/web\/wp-json\/wp\/v2\/posts"}],"about":[{"href":"https:\/\/www.radiopresidenteibanez.cl\/web\/wp-json\/wp\/v2\/types\/post"}],"author":[{"embeddable":true,"href":"https:\/\/www.radiopresidenteibanez.cl\/web\/wp-json\/wp\/v2\/users\/2"}],"replies":[{"embeddable":true,"href":"https:\/\/www.radiopresidenteibanez.cl\/web\/wp-json\/wp\/v2\/comments?post=38871"}],"version-history":[{"count":0,"href":"https:\/\/www.radiopresidenteibanez.cl\/web\/wp-json\/wp\/v2\/posts\/38871\/revisions"}],"wp:featuredmedia":[{"embeddable":true,"href":"https:\/\/www.radiopresidenteibanez.cl\/web\/wp-json\/wp\/v2\/media\/38872"}],"wp:attachment":[{"href":"https:\/\/www.radiopresidenteibanez.cl\/web\/wp-json\/wp\/v2\/media?parent=38871"}],"wp:term":[{"taxonomy":"category","embeddable":true,"href":"https:\/\/www.radiopresidenteibanez.cl\/web\/wp-json\/wp\/v2\/categories?post=38871"},{"taxonomy":"post_tag","embeddable":true,"href":"https:\/\/www.radiopresidenteibanez.cl\/web\/wp-json\/wp\/v2\/tags?post=38871"}],"curies":[{"name":"wp","href":"https:\/\/api.w.org\/{rel}","templated":true}]}}