{"id":38852,"date":"2023-04-12T10:40:00","date_gmt":"2023-04-12T13:40:00","guid":{"rendered":"https:\/\/www.radiopresidenteibanez.cl\/web\/?p=38852"},"modified":"2023-04-12T09:05:54","modified_gmt":"2023-04-12T12:05:54","slug":"masiva-participacion-magallanica-tuvo-audiencia-inicial-para-el-diseno-plan-de-accion-hidrogeno-verde-2023-2030","status":"publish","type":"post","link":"https:\/\/www.radiopresidenteibanez.cl\/web\/masiva-participacion-magallanica-tuvo-audiencia-inicial-para-el-diseno-plan-de-accion-hidrogeno-verde-2023-2030\/","title":{"rendered":"MASIVA PARTICIPACION MAGALLANICA TUVO AUDIENCIA INICIAL PARA EL DISE\u00d1O PLAN DE ACCION HIDROGENO VERDE 2023- 2030"},"content":{"rendered":"\n<p>La Delegada Regional Presidencial de Magallanes, Luz Berm\u00fadez, junto a la Seremi de Energ\u00eda, Mar\u00eda<br>Luisa Ojeda, encabezaron la primera audiencia presencial del proceso participativo en Magallanes para la construcci\u00f3n del Plan de Acci\u00f3n de Hidr\u00f3geno Verde 2023 &#8211; 2030.<br>HOJA DE RUTA<br>El Plan de Acci\u00f3n busca establecer una hoja de ruta para esta industria, con un enfoque que concilie el desarrollo econ\u00f3mico con el respeto por el medio ambiente, las regiones y las comunidades.<br>En la apertura del encuentro, la Delegada Berm\u00fadez resalt\u00f3 el inter\u00e9s de la comunidad magall\u00e1nica por participar y del Gobierno por hacer pol\u00edticas p\u00fablicas a partir de la participaci\u00f3n ciudadana.<br>\u201cEsta masiva respuesta da cuenta de la intenci\u00f3n de participar y creemos que esa es la forma de hacer pol\u00edticas p\u00fablicas: con participaci\u00f3n ciudadana real, donde seamos capaces de sentarnos a dialogar y a llegar a acuerdos, por lo que estamos muy optimistascon lo que va a suceder en este y en los pr\u00f3ximos talleres\u201d, dijo la autoridad.<br>Por su parte, la Seremi de Energ\u00eda, Mar\u00eda Luisa Ojeda, sostuvo que la instancia es de gran importancia para el futuro energ\u00e9tico del pa\u00eds, y donde la regi\u00f3n tiene un importante papel que cumplir en<br>materia de transici\u00f3n energ\u00e9tica sostenible.<br>\u201cLa industria del hidr\u00f3geno verde es una gran oportunidad para el desarrollo sostenible de nuestras regiones, y para el combate a la crisis clim\u00e1tica. En este sentido, Magallanes resulta de alta<br>relevancia por las condiciones naturales que posee en cuanto al potencial e\u00f3lico, el cual la convierte en una de las zonas m\u00e1scompetitivas para la producci\u00f3n de hidr\u00f3geno a nivel mundial; sin embargo, debemos trabajar coordinadamente para lograr que todos los instrumentos de pol\u00edtica p\u00fablica que estamos construyendo en torno a la industria, a nivel regional y nacional conversen, de forma<br>que existan acciones y responsabilidades claras hacia el 2030\u201d, explic\u00f3 la titular regional de Energ\u00eda.<br>La Seremi Mar\u00eda Luisa Ojeda tambi\u00e9n abord\u00f3 la importancia de desarrollar esta industria para la Transici\u00f3n Socioecol\u00f3gica Justa que impulsa el Gobierno del Presidente Gabriel Boric.<br>\u201cTan importante como el cierre de las centrales a carb\u00f3n en el norte del pa\u00eds, y la aplicaci\u00f3n de medidas de eficiencia energ\u00e9tica en la industria y el transporte, es el avanzar en el desarrollo de proyectos<br>con energ\u00edas limpias que potencien una reconversi\u00f3n productiva, utilizando hidr\u00f3geno verde y\/o sus derivados, beneficiando as\u00ed el desarrollo regional y local, y por ende la calidad vida de la gran<br>familia magall\u00e1nica\u201d, declar\u00f3 la Seremi Mar\u00eda Luisa Ojeda.<br>Asimismo, la autoridad regional del ramo cont\u00f3 que tras la gira del ministro Diego Pardow por Europa, se pudo confirmar que el mundo conoce el potencial que tiene Chile y particularmente Magallanes,<br>como polo de desarrollo de esta industria, pero se deben dar certezas a los inversionistas, y al mismo tiempo, generar las condiciones e instrumentos que permitan conservar nuestro patrimonio natural y ecosistemas relevantes, por lo cual estas instancias de di\u00e1logo son fundamentales para llegar a acuerdos en un marco de participaci\u00f3n ciudadana de la pol\u00edtica p\u00fablica\u201d.<\/p>\n","protected":false},"excerpt":{"rendered":"<p>La Delegada Regional Presidencial de Magallanes, Luz Berm\u00fadez, junto a la Seremi de Energ\u00eda, Mar\u00edaLuisa Ojeda, encabezaron la primera audiencia presencial del proceso participativo en Magallanes para la construcci\u00f3n del&#8230; <a class=\"read-more\" href=\"https:\/\/www.radiopresidenteibanez.cl\/web\/masiva-participacion-magallanica-tuvo-audiencia-inicial-para-el-diseno-plan-de-accion-hidrogeno-verde-2023-2030\/\">Leer m\u00e1s<\/a><\/p>\n","protected":false},"author":2,"featured_media":38853,"comment_status":"closed","ping_status":"closed","sticky":false,"template":"","format":"standard","meta":{"footnotes":""},"categories":[1],"tags":[],"class_list":["post-38852","post","type-post","status-publish","format-standard","has-post-thumbnail","hentry","category-cronica"],"_links":{"self":[{"href":"https:\/\/www.radiopresidenteibanez.cl\/web\/wp-json\/wp\/v2\/posts\/38852","targetHints":{"allow":["GET"]}}],"collection":[{"href":"https:\/\/www.radiopresidenteibanez.cl\/web\/wp-json\/wp\/v2\/posts"}],"about":[{"href":"https:\/\/www.radiopresidenteibanez.cl\/web\/wp-json\/wp\/v2\/types\/post"}],"author":[{"embeddable":true,"href":"https:\/\/www.radiopresidenteibanez.cl\/web\/wp-json\/wp\/v2\/users\/2"}],"replies":[{"embeddable":true,"href":"https:\/\/www.radiopresidenteibanez.cl\/web\/wp-json\/wp\/v2\/comments?post=38852"}],"version-history":[{"count":0,"href":"https:\/\/www.radiopresidenteibanez.cl\/web\/wp-json\/wp\/v2\/posts\/38852\/revisions"}],"wp:featuredmedia":[{"embeddable":true,"href":"https:\/\/www.radiopresidenteibanez.cl\/web\/wp-json\/wp\/v2\/media\/38853"}],"wp:attachment":[{"href":"https:\/\/www.radiopresidenteibanez.cl\/web\/wp-json\/wp\/v2\/media?parent=38852"}],"wp:term":[{"taxonomy":"category","embeddable":true,"href":"https:\/\/www.radiopresidenteibanez.cl\/web\/wp-json\/wp\/v2\/categories?post=38852"},{"taxonomy":"post_tag","embeddable":true,"href":"https:\/\/www.radiopresidenteibanez.cl\/web\/wp-json\/wp\/v2\/tags?post=38852"}],"curies":[{"name":"wp","href":"https:\/\/api.w.org\/{rel}","templated":true}]}}