{"id":38849,"date":"2023-04-12T09:30:00","date_gmt":"2023-04-12T12:30:00","guid":{"rendered":"https:\/\/www.radiopresidenteibanez.cl\/web\/?p=38849"},"modified":"2023-04-12T08:34:36","modified_gmt":"2023-04-12T11:34:36","slug":"autoridades-regionales-destacan-amplia-aprobacion-de-proyecto-40-horas","status":"publish","type":"post","link":"https:\/\/www.radiopresidenteibanez.cl\/web\/autoridades-regionales-destacan-amplia-aprobacion-de-proyecto-40-horas\/","title":{"rendered":"AUTORIDADES REGIONALES DESTACAN AMPLIA APROBACION DE PROYECTO 40 HORAS"},"content":{"rendered":"\n<p>Las 40 Horas ya son una realidad en nuestro pa\u00eds. As\u00ed lo han<br>destacado las autoridades de la Regi\u00f3n de Magallanes luego que la C\u00e1mara de Diputadas y<br>Diputados aprobara este martes 11 de abril el proyecto que reduce la jornada laboral de 45 a 40<br>horas para las y los trabajadores regulados por el C\u00f3digo del Trabajo, cumpliendo as\u00ed con todos los<br>tr\u00e1mites legislativos y quedando ad portas de su promulgaci\u00f3n.<br>La iniciativa cont\u00f3 con un respaldo transversal del parlamento, siendo aprobada por 127 votos a<br>favor, 14 en contra y tres abstenciones, con lo cual, ahora las trabajadoras, trabajadores y sus<br>familias podr\u00e1n celebrar una jornada laboral reducida el pr\u00f3ximo 1 de mayo.<br>\u201cEstamos muy contentas con la noticia de la aprobaci\u00f3n de las anheladas 40 horas laborales. Es un<br>derecho avanzar hacia el trabajo decente, hacia la calidad de vida. Algo que hace unos a\u00f1os<br>parec\u00eda imposible, sin embargo, la convicci\u00f3n de nuestro Gobierno liderado por el Presidente<br>Gabriel Boric, de las parlamentarias que presentaron la iniciativa en su momento y del intenso<br>di\u00e1logo que llev\u00f3 a cabo la ministra del Trabajo en el Congreso, hicieron que hoy podamos tener<br>una muy buena noticia para las y los trabajadores\u201d, destac\u00f3 la Delegada Presidencial Regional de<br>Magallanes, Luz Berm\u00fadez.<br>La ley de las 40 horas modifica el C\u00f3digo del Trabajo a fin de rebajar la jornada laboral ordinaria de<br>45 a 40 horas semanales, cuyo proceso se har\u00e1 con gradualidad para no afectar a las pymes y el<br>empleo. Asimismo, establece medidas de corresponsabilidad social que permitir\u00e1n conciliar la vida<br>laboral con la personal y familiar.<br>Al respecto, la Seremi del Trabajo, Doris Sandoval, expres\u00f3 que \u201clos trabajadores y trabajadoras<br>han dado extensas luchas en el mundo para tener jornadas que permitan conciliar la vida, disfrutar<br>m\u00e1s con la familia, del tiempo libre y tambi\u00e9n de la vida comunitaria y pol\u00edtica. Hoy, con mucha<br>alegr\u00eda y abrazando al mundo sindical, recibimos este avance sustantivo en materia de relaciones<br>laborales. Hemos logrado dar un paso importante en trabajo decente tambi\u00e9n para las y los<br>trabajadores de Magallanes\u201d.<br>En ese contexto, la secretaria regional agradeci\u00f3 y destac\u00f3 la genuina voluntad de las 13 empresas<br>magall\u00e1nicas que establecieron la reducci\u00f3n de sus horas de trabajo previo a la aprobaci\u00f3n del<br>proyecto. \u201cSin duda, estas empresas regionales se la jugaron por una jornada de 40 horas,<br>demostrando que es posible avanzar en el buen vivir de las y los trabajadores y que su<br>productividad no se vino abajo, todo lo contrario, mejoraron los ambientes labores, se<\/p>\n\n\n\n<p>mantuvieron los salarios y los puestos de trabajo. Por tanto, para ellos y ellas todo mi<br>reconocimiento y admiraci\u00f3n\u201d, agreg\u00f3.<\/p>\n","protected":false},"excerpt":{"rendered":"<p>Las 40 Horas ya son una realidad en nuestro pa\u00eds. As\u00ed lo handestacado las autoridades de la Regi\u00f3n de Magallanes luego que la C\u00e1mara de Diputadas yDiputados aprobara este martes&#8230; <a class=\"read-more\" href=\"https:\/\/www.radiopresidenteibanez.cl\/web\/autoridades-regionales-destacan-amplia-aprobacion-de-proyecto-40-horas\/\">Leer m\u00e1s<\/a><\/p>\n","protected":false},"author":2,"featured_media":38850,"comment_status":"closed","ping_status":"closed","sticky":false,"template":"","format":"standard","meta":{"footnotes":""},"categories":[1],"tags":[],"class_list":["post-38849","post","type-post","status-publish","format-standard","has-post-thumbnail","hentry","category-cronica"],"_links":{"self":[{"href":"https:\/\/www.radiopresidenteibanez.cl\/web\/wp-json\/wp\/v2\/posts\/38849","targetHints":{"allow":["GET"]}}],"collection":[{"href":"https:\/\/www.radiopresidenteibanez.cl\/web\/wp-json\/wp\/v2\/posts"}],"about":[{"href":"https:\/\/www.radiopresidenteibanez.cl\/web\/wp-json\/wp\/v2\/types\/post"}],"author":[{"embeddable":true,"href":"https:\/\/www.radiopresidenteibanez.cl\/web\/wp-json\/wp\/v2\/users\/2"}],"replies":[{"embeddable":true,"href":"https:\/\/www.radiopresidenteibanez.cl\/web\/wp-json\/wp\/v2\/comments?post=38849"}],"version-history":[{"count":0,"href":"https:\/\/www.radiopresidenteibanez.cl\/web\/wp-json\/wp\/v2\/posts\/38849\/revisions"}],"wp:featuredmedia":[{"embeddable":true,"href":"https:\/\/www.radiopresidenteibanez.cl\/web\/wp-json\/wp\/v2\/media\/38850"}],"wp:attachment":[{"href":"https:\/\/www.radiopresidenteibanez.cl\/web\/wp-json\/wp\/v2\/media?parent=38849"}],"wp:term":[{"taxonomy":"category","embeddable":true,"href":"https:\/\/www.radiopresidenteibanez.cl\/web\/wp-json\/wp\/v2\/categories?post=38849"},{"taxonomy":"post_tag","embeddable":true,"href":"https:\/\/www.radiopresidenteibanez.cl\/web\/wp-json\/wp\/v2\/tags?post=38849"}],"curies":[{"name":"wp","href":"https:\/\/api.w.org\/{rel}","templated":true}]}}