{"id":38837,"date":"2023-04-11T16:43:00","date_gmt":"2023-04-11T19:43:00","guid":{"rendered":"https:\/\/www.radiopresidenteibanez.cl\/web\/?p=38837"},"modified":"2023-04-11T15:45:30","modified_gmt":"2023-04-11T18:45:30","slug":"seis-escuelas-municipales-reciben-implementos-deportivos-financiados-por-el-gobierno-regional","status":"publish","type":"post","link":"https:\/\/www.radiopresidenteibanez.cl\/web\/seis-escuelas-municipales-reciben-implementos-deportivos-financiados-por-el-gobierno-regional\/","title":{"rendered":"SEIS ESCUELAS MUNICIPALES RECIBEN IMPLEMENTOS DEPORTIVOS FINANCIADOS POR EL GOBIERNO REGIONAL"},"content":{"rendered":"\n<p>En el marco del proyecto \u201cEscuelas Activas\u201d, esta ma\u00f1ana, en dependencias de la escuela Pedro Pablo Lemaitre, se realiz\u00f3 la entrega de implementos deportivos a seis colegios municipales de la comuna de Punta Arenas con el objetivo de promover e incentivar el deporte en los establecimientos educacionales.<\/p>\n\n\n\n<p>La iniciativa es impulsada por la Asociaci\u00f3n de Municipalidades de Magallanes y los kits de deporte tuvieron un financiamiento de 40 millones de pesos de parte del Gobierno Regional.<\/p>\n\n\n\n<p>\u201cEstamos muy contentos porque con actos concretos respaldamos lo que so\u00f1amos que es una regi\u00f3n del deporte desde Puerto Ed\u00e9n hasta Puerto Toro. Con un trabajo estrecho llevamos este proyecto que es complementario a las actividades deportivas de los colegios\u201d declar\u00f3 el Gobernador Jorge Flies.<\/p>\n\n\n\n<p>Asimismo, la Primera Autoridad Regional, agreg\u00f3 que \u201cqueremos una poblaci\u00f3n sana y que est\u00e9 haciendo ejercicio. Una poblaci\u00f3n que pueda tener ant\u00eddoto ante la crisis de salud mental y trastornos alimenticios\u201d.<\/p>\n\n\n\n<p>Por su parte, Blagomir Brztilo, Presidente de AMUMAG, dijo que \u201cestamos dando el puntapi\u00e9 inicial al programa que se replica en todas las comunas de Magallanes, partimos aqu\u00ed en Punta Arenas y ahora iremos recorriendo el territorio para entregar los implementos en las otros establecimientos\u201d.<\/p>\n\n\n\n<p>En total, \u201cEscuelas Activas\u201d, abarcar\u00e1 41 colegios de toda la regi\u00f3n de Magallanes quienes podr\u00e1n utilizar los art\u00edculos deportivos para desarrollar diversos talleres y actividades extracurriculares.<\/p>\n\n\n\n<p>\u201cPara nuestra escuela y las del sector p\u00fablico este aporte nos llena de alegr\u00eda. Nos entrega mayor implementaci\u00f3n deportiva para los extraescolares y las clases de educaci\u00f3n f\u00edsica\u201d se\u00f1al\u00f3 Susana Barrientos, directo de la escuela Pedro Pablo Lemaitre.<\/p>\n\n\n\n<p>En la misma l\u00ednea, Marianela Valderrama, directora (I) de la escuela Argentina coment\u00f3 que \u201cnosotros como escuela estamos muy contentos por el aporte del Gobierno Regional. Implementamos dos talleres de volleyball y handball para que los ni\u00f1os puedan conocer otras disciplinas deportivas aparte del f\u00fatbol\u201d.<\/p>\n\n\n\n<p>Los kits deportivos que fueron entregados a la escuela Pedro Pablo Lemaitre, la escuela Juan Williams, la escuela Argentina, la escuela Patagonia, la escuela Manuel Bulnes y el Liceo Contardi cuentan con balones, petos, camisetas, conos, entro otros art\u00edculos para desarrollar actividad f\u00edsica y diferentes disciplinas.<\/p>\n","protected":false},"excerpt":{"rendered":"<p>En el marco del proyecto \u201cEscuelas Activas\u201d, esta ma\u00f1ana, en dependencias de la escuela Pedro Pablo Lemaitre, se realiz\u00f3 la entrega de implementos deportivos a seis colegios municipales de la&#8230; <a class=\"read-more\" href=\"https:\/\/www.radiopresidenteibanez.cl\/web\/seis-escuelas-municipales-reciben-implementos-deportivos-financiados-por-el-gobierno-regional\/\">Leer m\u00e1s<\/a><\/p>\n","protected":false},"author":2,"featured_media":38838,"comment_status":"closed","ping_status":"closed","sticky":false,"template":"","format":"standard","meta":{"footnotes":""},"categories":[1],"tags":[],"class_list":["post-38837","post","type-post","status-publish","format-standard","has-post-thumbnail","hentry","category-cronica"],"_links":{"self":[{"href":"https:\/\/www.radiopresidenteibanez.cl\/web\/wp-json\/wp\/v2\/posts\/38837","targetHints":{"allow":["GET"]}}],"collection":[{"href":"https:\/\/www.radiopresidenteibanez.cl\/web\/wp-json\/wp\/v2\/posts"}],"about":[{"href":"https:\/\/www.radiopresidenteibanez.cl\/web\/wp-json\/wp\/v2\/types\/post"}],"author":[{"embeddable":true,"href":"https:\/\/www.radiopresidenteibanez.cl\/web\/wp-json\/wp\/v2\/users\/2"}],"replies":[{"embeddable":true,"href":"https:\/\/www.radiopresidenteibanez.cl\/web\/wp-json\/wp\/v2\/comments?post=38837"}],"version-history":[{"count":0,"href":"https:\/\/www.radiopresidenteibanez.cl\/web\/wp-json\/wp\/v2\/posts\/38837\/revisions"}],"wp:featuredmedia":[{"embeddable":true,"href":"https:\/\/www.radiopresidenteibanez.cl\/web\/wp-json\/wp\/v2\/media\/38838"}],"wp:attachment":[{"href":"https:\/\/www.radiopresidenteibanez.cl\/web\/wp-json\/wp\/v2\/media?parent=38837"}],"wp:term":[{"taxonomy":"category","embeddable":true,"href":"https:\/\/www.radiopresidenteibanez.cl\/web\/wp-json\/wp\/v2\/categories?post=38837"},{"taxonomy":"post_tag","embeddable":true,"href":"https:\/\/www.radiopresidenteibanez.cl\/web\/wp-json\/wp\/v2\/tags?post=38837"}],"curies":[{"name":"wp","href":"https:\/\/api.w.org\/{rel}","templated":true}]}}