{"id":38831,"date":"2023-04-11T13:50:00","date_gmt":"2023-04-11T16:50:00","guid":{"rendered":"https:\/\/www.radiopresidenteibanez.cl\/web\/?p=38831"},"modified":"2023-04-11T11:26:59","modified_gmt":"2023-04-11T14:26:59","slug":"una-lista-a-mesa-ejecutiva-y-nueve-a-centros-de-estudiantes-postulan-a-las-elecciones-feum-2023","status":"publish","type":"post","link":"https:\/\/www.radiopresidenteibanez.cl\/web\/una-lista-a-mesa-ejecutiva-y-nueve-a-centros-de-estudiantes-postulan-a-las-elecciones-feum-2023\/","title":{"rendered":"UNA LISTA A MESA EJECUTIVA Y NUEVE A CENTROS DE ESTUDIANTES POSTULAN A LAS ELECCIONES FEUM 2023"},"content":{"rendered":"\n<p>Este lunes 10 de abril, a las 12.00 horas, se dio lugar al cierre de inscripci\u00f3n de las postulaciones a la Federaci\u00f3n de Estudiantes de la Universidad de Magallanes (FEUM) para el a\u00f1o 2023. De esta manera, el Tricel inform\u00f3 que presentaron sus candidaturas una lista a Mesa Ejecutiva y nueve a Centro de Estudiantes (CEE).&nbsp;<\/p>\n\n\n\n<p>El equipo aspirante a la <strong>Mesa Ejecutiva FEUM<\/strong> est\u00e1 conformado por Camila Mansilla (Derecho) como presidenta; Francisca Mayorga (Ing. Civil Qu\u00edmica) como vicepresidenta; Ian \u00c1guila (Ing. El\u00e9ctrica) como secretario general; Fabi\u00e1n D\u00edaz (Terapia Ocupacional) como secretario de Finanzas y Almendra Garc\u00eda (Ing. Civil Qu\u00edmica) como secretaria de Asuntos Estudiantiles y Acad\u00e9micos.&nbsp;<\/p>\n\n\n\n<p>En la oportunidad, la candidata a dirigir el m\u00e1ximo organismo de representaci\u00f3n estudiantil en la UMAG, se manifest\u00f3 contenta con el desaf\u00edo, ya que, seg\u00fan manifest\u00f3, les permite seguir proyectando el trabajo que ven\u00edan llevando junto con algunos de sus compa\u00f1eros en la Federaci\u00f3n anterior.<\/p>\n\n\n\n<p>\u201cParte del equipo ya hab\u00eda sido Federaci\u00f3n durante el a\u00f1o pasado. Ten\u00edamos ganas de querer seguir haciendo bien las cosas, y asumimos un desaf\u00edo, de que es posible seguir mejorando el trabajo que ya se ven\u00eda haciendo. Tenemos nuevos aires y tenemos compa\u00f1eros que se integraron. Estamos con todas las ganas de seguir avanzando y tener una mayor presencia en la Federaci\u00f3n de Estudiantes de la UMAG, lo que es bueno para cualquier universidad\u201d,expres\u00f3 Camila Mansilla.&nbsp;<\/p>\n\n\n\n<p><strong>Centros de Estudiantes<\/strong><\/p>\n\n\n\n<p>Para postular al <strong>Centro de Estudiantes<\/strong> hubo nueve listas que presentaron su inscripci\u00f3n. En <strong>Derecho<\/strong>, las y los candidatos son: Felipe Miranda, presidente; Nicol\u00e1s Uribe, vicepresidente; Francisca D\u00edaz, secretar\u00eda de Asuntos Estudiantiles y Acad\u00e9micos; Jordana Hern\u00e1ndez, Secretar\u00eda General; B\u00e1rbara Pino, Secretar\u00eda en Finanzas. Y dos cargos creados que son Vinculaci\u00f3n con el Medio, a cargo de Alberto Oyarzo, y Comisi\u00f3n de Reglamento, representado por Fabi\u00e1n S\u00e1nchez. \u201cDecidimos postular porque queremos que haya un di\u00e1logo directo entre los alumnos y la jefatura, que se agilicen los tr\u00e1mites y que haya un verdadero inter\u00e9s\u201d, indic\u00f3 Miranda.<\/p>\n\n\n\n<p>En <strong>Ingenier\u00eda en Computaci\u00f3n e Inform\u00e1tica<\/strong>, Renato Uribe, candidato a presidente, se\u00f1al\u00f3: \u201cQueremos hacer un aprovechamiento de los recursos que nos entrega la universidad para mejorar la calidad de los estudiantes dentro del laboratorio, ese es nuestro objetivo, ya que los implementos de computaci\u00f3n son muy caros\u201d. A \u00e9l se suman, en la lista, Javiera Mart\u00edn en la Vicepresidencia, Estrella Valdez en la Secretar\u00eda General, Emmanuel Vel\u00e1squez en Finanzas y Sebasti\u00e1n Vera en la Secretar\u00eda de Asuntos Estudiantiles y Acad\u00e9micos.<\/p>\n\n\n\n<p>Mariela C\u00e1rcamo se present\u00f3 como candidata a presidenta de <strong>Psicolog\u00eda<\/strong>, junto a Constanza Garc\u00eda, vicepresidenta; Vania Concha, secretaria general; Milovan Romero, secretario de Finanzas; Katya Anel, secretaria de Asuntos Estudiantiles; y Lorenzo Chiappe, secretario de Asuntos Acad\u00e9micos. \u201cEs importante que cada carrera tenga un Centro de Estudiantes, adem\u00e1s tuvimos una buena experiencia al estar a cargo durante el a\u00f1o pasado\u201d, dijo C\u00e1rcamo.<\/p>\n\n\n\n<p>La lista aspirante en <strong>Kinesiolog\u00eda<\/strong>, est\u00e1 liderada por Diego Mabe, quien coment\u00f3 que su carrera, \u201chace un a\u00f1o que no ten\u00eda representaci\u00f3n como Centro de Estudiantes ante la FEUM, entonces era necesario postular. Hay varios temas y problem\u00e1ticas de carrera que tenemos que abordar para suplir las necesidades\u201d. Su equipo est\u00e1 conformado por Brenda Ca\u00f1as, vicepresidenta; Aracely Moraga, secretaria general; Catherine Quinch\u00e9n, secretaria de Asuntos Acad\u00e9micos; y Heather Dannich en Finanzas.<\/p>\n\n\n\n<p><strong>Ingenier\u00eda Mec\u00e1nica<\/strong>, en tanto, se present\u00f3 con Paulette Paredes como presidenta, Alonso D\u00edaz como vicepresidente; Andr\u00e9s Miranda como secretario general, Cristi\u00e1n B\u00f3rquez en Finanzas y Daniel Gamboa como secretario Asuntos Estudiantiles y Acad\u00e9micos (Ingenier\u00eda Civil). \u201cPostulamos para trabajar en f\u00e9 de todos los que somos partes de las especialidades, y por medio del Centro de Estudiantes, obtener m\u00e1s recursos en beneficio de las carreras\u201d, expres\u00f3 Miranda.<\/p>\n\n\n\n<p>A las carreras mencionadas se suman Enfermer\u00eda, Pedagog\u00eda en Educaci\u00f3n B\u00e1sica, Ingenier\u00eda Civil Qu\u00edmica e Ingenier\u00eda en Construcci\u00f3n Civil.<\/p>\n\n\n\n<p><strong>Fechas claves<\/strong><\/p>\n\n\n\n<p>El mi\u00e9rcoles 13 de abril iniciar\u00e1n las campa\u00f1as, desde las 8.00 horas, las cuales culminar\u00e1n el jueves 20 del presente mes en la UMAG. En tanto, el lunes 17 de abril ser\u00e1 el turno del debate y de la presentaci\u00f3n obligatoria de listas postulantes a Mesa Ejecutiva FEUM en lugar por confirmar de 10.00 a 12.00 horas.<\/p>\n\n\n\n<p>Por otro lado, el lunes 24 del presente mes ser\u00e1 el primer d\u00eda de las votaciones, de 9.00 a 20.00 horas, en la Facultad de Ciencias de la Salud; Facultad de Educaci\u00f3n y Ciencias Sociales, Facultad de Ciencias Econ\u00f3micas y Jur\u00eddicas; Facultades de Ingenier\u00eda y Ciencias; y Departamento de Arquitectura. Mientras que, el martes 25 de abril ser\u00e1 el segundo d\u00eda de las votaciones; mismo d\u00eda en que se realizar\u00e1 el conteo de votos, en el patio interior de la Facultad de Educaci\u00f3n y Ciencias Sociales desde las 20.30 horas.<\/p>\n\n\n\n<p>El itinerario culminar\u00e1 el 28 de abril, a las 18.00 horas, cuando se realice la promulgaci\u00f3n de la Mesa Ejecutiva FEUM por medio de las redes sociales del Tricel y sus espacios universitarios; y cuando se haga la proclamaci\u00f3n oficial desde las 18.30 horas en el auditorio Ernesto Livacic<\/p>\n","protected":false},"excerpt":{"rendered":"<p>Este lunes 10 de abril, a las 12.00 horas, se dio lugar al cierre de inscripci\u00f3n de las postulaciones a la Federaci\u00f3n de Estudiantes de la Universidad de Magallanes (FEUM)&#8230; <a class=\"read-more\" href=\"https:\/\/www.radiopresidenteibanez.cl\/web\/una-lista-a-mesa-ejecutiva-y-nueve-a-centros-de-estudiantes-postulan-a-las-elecciones-feum-2023\/\">Leer m\u00e1s<\/a><\/p>\n","protected":false},"author":2,"featured_media":38832,"comment_status":"closed","ping_status":"closed","sticky":false,"template":"","format":"standard","meta":{"footnotes":""},"categories":[1],"tags":[],"class_list":["post-38831","post","type-post","status-publish","format-standard","has-post-thumbnail","hentry","category-cronica"],"_links":{"self":[{"href":"https:\/\/www.radiopresidenteibanez.cl\/web\/wp-json\/wp\/v2\/posts\/38831","targetHints":{"allow":["GET"]}}],"collection":[{"href":"https:\/\/www.radiopresidenteibanez.cl\/web\/wp-json\/wp\/v2\/posts"}],"about":[{"href":"https:\/\/www.radiopresidenteibanez.cl\/web\/wp-json\/wp\/v2\/types\/post"}],"author":[{"embeddable":true,"href":"https:\/\/www.radiopresidenteibanez.cl\/web\/wp-json\/wp\/v2\/users\/2"}],"replies":[{"embeddable":true,"href":"https:\/\/www.radiopresidenteibanez.cl\/web\/wp-json\/wp\/v2\/comments?post=38831"}],"version-history":[{"count":0,"href":"https:\/\/www.radiopresidenteibanez.cl\/web\/wp-json\/wp\/v2\/posts\/38831\/revisions"}],"wp:featuredmedia":[{"embeddable":true,"href":"https:\/\/www.radiopresidenteibanez.cl\/web\/wp-json\/wp\/v2\/media\/38832"}],"wp:attachment":[{"href":"https:\/\/www.radiopresidenteibanez.cl\/web\/wp-json\/wp\/v2\/media?parent=38831"}],"wp:term":[{"taxonomy":"category","embeddable":true,"href":"https:\/\/www.radiopresidenteibanez.cl\/web\/wp-json\/wp\/v2\/categories?post=38831"},{"taxonomy":"post_tag","embeddable":true,"href":"https:\/\/www.radiopresidenteibanez.cl\/web\/wp-json\/wp\/v2\/tags?post=38831"}],"curies":[{"name":"wp","href":"https:\/\/api.w.org\/{rel}","templated":true}]}}