{"id":38828,"date":"2023-04-11T12:43:00","date_gmt":"2023-04-11T15:43:00","guid":{"rendered":"https:\/\/www.radiopresidenteibanez.cl\/web\/?p=38828"},"modified":"2023-04-11T11:08:47","modified_gmt":"2023-04-11T14:08:47","slug":"sara-adema-nuestro-gran-desafio-es-consolidar-el-destino-torres-del-paine","status":"publish","type":"post","link":"https:\/\/www.radiopresidenteibanez.cl\/web\/sara-adema-nuestro-gran-desafio-es-consolidar-el-destino-torres-del-paine\/","title":{"rendered":"SARA ADEMA: \u201cNUESTRO GRAN DESAFIO ES CONSOLIDAR EL DESTINO TORRES DEL PAINE"},"content":{"rendered":"\n<p>La Administradora P\u00fablica y Licenciada en Ciencias Pol\u00edticas de<br>la Universidad de Concepci\u00f3n, Sara Adema Yusta, fue elegida para liderar la Asociaci\u00f3n de<br>Hoteles y Servicios Tur\u00edsticos de Torres del Paine, HYST.<br>&nbsp;<br>Adema cuenta con m\u00e1s de 15 a\u00f1os formando y liderando equipos de trabajo, destacando<br>su paso por Inacap Punta Arenas como directora de administraci\u00f3n y finanzas,<br>inicialmente, y luego como directora acad\u00e9mica. Actualmente se desempe\u00f1aba como<br>directora de proyectos en Magallania.<br>&nbsp;<br>\u201cDesde que me titul\u00e9 siempre he sentido que debo ser aporte hacia el desarrollo social y<br>econ\u00f3mico de nuestra regi\u00f3n, y qu\u00e9 mejor que hacerlo en este rubro tan importante para<br>la econom\u00eda de Magallanes como lo es el sector turismo\u201d, coment\u00f3 Sara Adema.<br>&nbsp;<br>Dentro de los desaf\u00edos -se\u00f1ala- est\u00e1 reforzar el trabajo que se realiza con los socios,<br>fortalecer los proyectos que se est\u00e1n desarrollando con diversas casas de estudio, adem\u00e1s<br>de gestionar y trabajar en conjunto con el sector p\u00fablico en la promoci\u00f3n y difusi\u00f3n del<br>destino Torres del Paine.<br>&nbsp;<br>\u201cPara m\u00ed es un orgullo poder trabajar en esta gran asociaci\u00f3n y la idea es poder sacar<br>adelante todos los desaf\u00edos que HYST se ha propuesto durante este periodo y toda su<br>trayectoria, y consolidar cada d\u00eda y m\u00e1s a nivel mundial el destino Torres del Paine y, por<br>supuesto, la regi\u00f3n de Magallanes\u201d, puntualiz\u00f3 la nueva gerente de la asociaci\u00f3n que<br>re\u00fane a 16 socios que operan en la Octava Maravilla.<\/p>\n","protected":false},"excerpt":{"rendered":"<p>La Administradora P\u00fablica y Licenciada en Ciencias Pol\u00edticas dela Universidad de Concepci\u00f3n, Sara Adema Yusta, fue elegida para liderar la Asociaci\u00f3n deHoteles y Servicios Tur\u00edsticos de Torres del Paine, HYST.&nbsp;Adema&#8230; <a class=\"read-more\" href=\"https:\/\/www.radiopresidenteibanez.cl\/web\/sara-adema-nuestro-gran-desafio-es-consolidar-el-destino-torres-del-paine\/\">Leer m\u00e1s<\/a><\/p>\n","protected":false},"author":2,"featured_media":38829,"comment_status":"closed","ping_status":"closed","sticky":false,"template":"","format":"standard","meta":{"footnotes":""},"categories":[1],"tags":[],"class_list":["post-38828","post","type-post","status-publish","format-standard","has-post-thumbnail","hentry","category-cronica"],"_links":{"self":[{"href":"https:\/\/www.radiopresidenteibanez.cl\/web\/wp-json\/wp\/v2\/posts\/38828","targetHints":{"allow":["GET"]}}],"collection":[{"href":"https:\/\/www.radiopresidenteibanez.cl\/web\/wp-json\/wp\/v2\/posts"}],"about":[{"href":"https:\/\/www.radiopresidenteibanez.cl\/web\/wp-json\/wp\/v2\/types\/post"}],"author":[{"embeddable":true,"href":"https:\/\/www.radiopresidenteibanez.cl\/web\/wp-json\/wp\/v2\/users\/2"}],"replies":[{"embeddable":true,"href":"https:\/\/www.radiopresidenteibanez.cl\/web\/wp-json\/wp\/v2\/comments?post=38828"}],"version-history":[{"count":0,"href":"https:\/\/www.radiopresidenteibanez.cl\/web\/wp-json\/wp\/v2\/posts\/38828\/revisions"}],"wp:featuredmedia":[{"embeddable":true,"href":"https:\/\/www.radiopresidenteibanez.cl\/web\/wp-json\/wp\/v2\/media\/38829"}],"wp:attachment":[{"href":"https:\/\/www.radiopresidenteibanez.cl\/web\/wp-json\/wp\/v2\/media?parent=38828"}],"wp:term":[{"taxonomy":"category","embeddable":true,"href":"https:\/\/www.radiopresidenteibanez.cl\/web\/wp-json\/wp\/v2\/categories?post=38828"},{"taxonomy":"post_tag","embeddable":true,"href":"https:\/\/www.radiopresidenteibanez.cl\/web\/wp-json\/wp\/v2\/tags?post=38828"}],"curies":[{"name":"wp","href":"https:\/\/api.w.org\/{rel}","templated":true}]}}