{"id":38822,"date":"2023-04-11T10:47:00","date_gmt":"2023-04-11T13:47:00","guid":{"rendered":"https:\/\/www.radiopresidenteibanez.cl\/web\/?p=38822"},"modified":"2023-04-11T10:36:37","modified_gmt":"2023-04-11T13:36:37","slug":"informativo-matinal-orbe-6","status":"publish","type":"post","link":"https:\/\/www.radiopresidenteibanez.cl\/web\/informativo-matinal-orbe-6\/","title":{"rendered":"INFORMATIVO MATINAL ORBE"},"content":{"rendered":"\n<p>SANTIAGO.- Tal y como hab\u00eda adelantado a principios de abril,<br>el Gobierno ingres\u00f3 al Congreso su proyecto de ley sobre<br>reglas del uso de la fuerza para polic\u00edas. La iniciativa<br>tiene una funci\u00f3n de complementariedad respecto de la nueva<br>ley Na\u00edn-Retamal, que refuerza y protege la funci\u00f3n de<br>Carabineros, Polic\u00eda de Investigaciones y Gendarmer\u00eda, as\u00ed<br>como de la Polic\u00eda Mar\u00edtima y de Aeron\u00e1utica Civil.<\/p>\n\n\n\n<p>SANTIAGO.- Seg\u00fan detallaron desde Interior, el proyecto busca<br>normar el uso de la fuerza para el personal de las Fuerzas de<br>Orden y Seguridad P\u00fablica, como tambi\u00e9n de las Fuerzas<br>Armadas cuando, excepcionalmente, acuden a tareas de<br>resguardo del orden p\u00fablico. Asimismo, pretende regular los<br>protocolos, lineamientos, instrucciones o cualquier otro<br>instrumento que norme el uso de la fuerza en la mantenci\u00f3n<br>del orden p\u00fablico y de la seguridad p\u00fablica interior.<\/p>\n\n\n\n<p>SANTIAGO.- En un documento enviado el pasado 28 de marzo a la<br>Comisi\u00f3n de Salud del Senado, Cl\u00ednicas de Chile inform\u00f3 que<br>la deuda total de las isapres con su sector ascend\u00eda a 507<br>mil millones de pesos a fines de 2022, donde lideran Colmena,<br>Consalud y Cruz Blanca. En cambio, la deuda de Fonasa a enero<br>de este a\u00f1o se redujo a 259 mil millones de pesos.<\/p>\n\n\n\n<p>SANTIAGO.- En el detalle, las tres isapres concentran el 65,6<br>por ciento del total de dicha deuda: Colmena adeuda 127 mil<br>436 millones de pesos, Consalud 103 mil 258 y Cruz Blanca 102<br>mil 249 millones de pesos. En el caso de Banm\u00e9dica, la deuda<br>asciende a 77 mil 64 millones, en Nueva Masvida es de 47 487<br>millones, y en Vida Tres es de 31 mil 266 millones de<br>pesos.<\/p>\n\n\n\n<p>SANTIAGO.- La Polic\u00eda de Investigaciones, PDI, se encuentra<br>investigando un asalto ocurrido en un domicilio de la comuna<br>de Recoleta, que culmin\u00f3 con una joven de 17 a\u00f1os fallecida.<br>Seg\u00fan trascendi\u00f3, el hecho ocurri\u00f3 la madrugada de este<br>martes y la menor de edad muri\u00f3 producto de un paro<br>cardiorrespiratorio. Lo \u00fanico que le voy a pedir a la gente<br>es que nos ayude a buscar a los miserables que le hicieron<br>esto a mi hija\u00bb revel\u00f3 la madre de la v\u00edctima.<\/p>\n\n\n\n<p>SANTIAGO.- Seg\u00fan detall\u00f3 la mujer, Catalina -la joven<br>fallecida- \u00abten\u00eda problemas al coraz\u00f3n\u00bb. Por lo mismo, relat\u00f3<br>que le pidieron a los delincuentes que se fueran, ya que no<br>ten\u00edan nada m\u00e1s de valor. \u00abLo \u00fanico que les ped\u00eda era que por<br>favor se fueran, que mi hija estaba mal. Me amarraron del<br>cuello, me tiraron los brazos delante de mi hija, no tuvieron<br>compasi\u00f3n ni de eso estos desgraciados. No entiendo c\u00f3mo<br>cabros j\u00f3venes se prestan para matar a una ni\u00f1a\u00bb, explic\u00f3.<\/p>\n\n\n\n<p>SANTIAGO.- Este martes se dar\u00e1 a conocer el veredicto de los<br>jueces en contra de Felipe Rojas, \u00fanico imputado por el<br>asesinato de Fernanda Maciel, quien desapareci\u00f3 el 10 de<br>febrero de 2018 cuando ten\u00eda 21 a\u00f1os y se encontraba con un<br>embarazo de 7 meses. En detalle, Rojas es acusado por los<br>delitos de violaci\u00f3n con homicidio, aborto, inhumaci\u00f3n ilegal<br>y hurto. Por ello, la Fiscal\u00eda Centro Norte solicita la<br>condena de presidio perpetuo calificado.<\/p>\n\n\n\n<p>SANTIAGO.- La selecci\u00f3n chilena sub 17 inicia un nuevo camino<br>en el Sudamericano de la categor\u00eda. Este martes, desde las<br>15:00 horas, 19:00 GMT, en el estadio Estadio Rodrigo Paz<br>Delgado, de Quito, el equipo nacional choca con Argentina, en<br>busca de la clasificaci\u00f3n para el Mundial de la categor\u00eda. La<br>Roja se meti\u00f3 en esta etapa del torneo luego de haber quedado<br>en el segundo puesto del Grupo A con siete puntos, solo tres<br>por detr\u00e1s del l\u00edder Brasil y dos sobre Ecuador.<\/p>\n","protected":false},"excerpt":{"rendered":"<p>SANTIAGO.- Tal y como hab\u00eda adelantado a principios de abril,el Gobierno ingres\u00f3 al Congreso su proyecto de ley sobrereglas del uso de la fuerza para polic\u00edas. La iniciativatiene una funci\u00f3n&#8230; <a class=\"read-more\" href=\"https:\/\/www.radiopresidenteibanez.cl\/web\/informativo-matinal-orbe-6\/\">Leer m\u00e1s<\/a><\/p>\n","protected":false},"author":2,"featured_media":38823,"comment_status":"closed","ping_status":"closed","sticky":false,"template":"","format":"standard","meta":{"footnotes":""},"categories":[1],"tags":[],"class_list":["post-38822","post","type-post","status-publish","format-standard","has-post-thumbnail","hentry","category-cronica"],"_links":{"self":[{"href":"https:\/\/www.radiopresidenteibanez.cl\/web\/wp-json\/wp\/v2\/posts\/38822","targetHints":{"allow":["GET"]}}],"collection":[{"href":"https:\/\/www.radiopresidenteibanez.cl\/web\/wp-json\/wp\/v2\/posts"}],"about":[{"href":"https:\/\/www.radiopresidenteibanez.cl\/web\/wp-json\/wp\/v2\/types\/post"}],"author":[{"embeddable":true,"href":"https:\/\/www.radiopresidenteibanez.cl\/web\/wp-json\/wp\/v2\/users\/2"}],"replies":[{"embeddable":true,"href":"https:\/\/www.radiopresidenteibanez.cl\/web\/wp-json\/wp\/v2\/comments?post=38822"}],"version-history":[{"count":0,"href":"https:\/\/www.radiopresidenteibanez.cl\/web\/wp-json\/wp\/v2\/posts\/38822\/revisions"}],"wp:featuredmedia":[{"embeddable":true,"href":"https:\/\/www.radiopresidenteibanez.cl\/web\/wp-json\/wp\/v2\/media\/38823"}],"wp:attachment":[{"href":"https:\/\/www.radiopresidenteibanez.cl\/web\/wp-json\/wp\/v2\/media?parent=38822"}],"wp:term":[{"taxonomy":"category","embeddable":true,"href":"https:\/\/www.radiopresidenteibanez.cl\/web\/wp-json\/wp\/v2\/categories?post=38822"},{"taxonomy":"post_tag","embeddable":true,"href":"https:\/\/www.radiopresidenteibanez.cl\/web\/wp-json\/wp\/v2\/tags?post=38822"}],"curies":[{"name":"wp","href":"https:\/\/api.w.org\/{rel}","templated":true}]}}