{"id":3882,"date":"2019-05-03T14:17:47","date_gmt":"2019-05-03T14:17:47","guid":{"rendered":"http:\/\/www.radiopresidenteibanez.cl\/web\/?p=3882"},"modified":"2019-05-03T14:18:07","modified_gmt":"2019-05-03T14:18:07","slug":"comenzo-nuevo-juicio-en-contra-de-ex-carabineros-y-civil-por-la-muerte-de-gonzalo-munoz","status":"publish","type":"post","link":"https:\/\/www.radiopresidenteibanez.cl\/web\/comenzo-nuevo-juicio-en-contra-de-ex-carabineros-y-civil-por-la-muerte-de-gonzalo-munoz\/","title":{"rendered":"COMENZ\u00d2 NUEVO JUICIO EN CONTRA DE EX CARABINEROS Y CIVIL POR LA MUERTE DE GONZALO MU\u00d1OZ"},"content":{"rendered":"\n<p>Dos ex carabineros y un civil son los acusados de tener responsabilidad\nen la muerte del joven Gonzalo Mu\u00f1oz del Campo, un Natalino que falleci\u00f3 en\nmayo del 2018 a consecuencia de las graves lesiones sufridas la noche del 8 de\njulio del 2017 en medio una confusa ri\u00f1a en la ciudad de Puerto Natales.<\/p>\n\n\n\n<p>En junio del 2018 tras un primer juicio, los jueces dictaron\nsentencia a s\u00f3lo uno de los acusados, un ex carabinero, Miguel Delgado quien\nfue condenado a 12 a\u00f1os de c\u00e1rcel, Loncuante Loncuante otro ex carabinero y\nC\u00e1ceres, el guardia de seguridad fueron dejados en libertad. Sin embargo, en\nenero de este a\u00f1o la Corte Apelaciones a petici\u00f3n del Ministerio P\u00fablico orden\u00f3\nrepetir el juicio. <\/p>\n\n\n\n<p>Por lo anterior ha comenzado ya la cuenta regresiva para la\nrepetici\u00f3n del proceso. Al respecto, el fiscal jefe de la capital de \u00daltima\nEsperanza, Cristian Mu\u00f1oz, manifest\u00f3 que el prop\u00f3sito de este segundo juicio es\ndemostrar la responsabilidad de los tres acusados en el deceso del joven\nGonzalo.<\/p>\n\n\n\n<p>Cabe mencionar que en esta oportunidad el juicio podr\u00eda durar diez d\u00edas.<\/p>\n\n\n\n<figure class=\"wp-block-image\"><img loading=\"lazy\" decoding=\"async\" width=\"667\" height=\"400\" src=\"https:\/\/www.radiopresidenteibanez.cl\/web\/wp-content\/uploads\/2019\/05\/2-GONZALO-MUN\u0303OZ-32752093_188800885098793_5332352565436743680_n-667x400.jpg\" alt=\"\" class=\"wp-image-3883\" srcset=\"https:\/\/www.radiopresidenteibanez.cl\/web\/wp-content\/uploads\/2019\/05\/2-GONZALO-MUN\u0303OZ-32752093_188800885098793_5332352565436743680_n-667x400.jpg 667w, https:\/\/www.radiopresidenteibanez.cl\/web\/wp-content\/uploads\/2019\/05\/2-GONZALO-MUN\u0303OZ-32752093_188800885098793_5332352565436743680_n-667x400-300x180.jpg 300w\" sizes=\"auto, (max-width: 667px) 100vw, 667px\" \/><\/figure>\n","protected":false},"excerpt":{"rendered":"<p>Dos ex carabineros y un civil son los acusados de tener responsabilidad en la muerte del joven Gonzalo Mu\u00f1oz del Campo, un Natalino que falleci\u00f3 en mayo del 2018 a&#8230; <a class=\"read-more\" href=\"https:\/\/www.radiopresidenteibanez.cl\/web\/comenzo-nuevo-juicio-en-contra-de-ex-carabineros-y-civil-por-la-muerte-de-gonzalo-munoz\/\">Leer m\u00e1s<\/a><\/p>\n","protected":false},"author":2,"featured_media":3883,"comment_status":"closed","ping_status":"closed","sticky":false,"template":"","format":"standard","meta":{"footnotes":""},"categories":[6],"tags":[],"class_list":["post-3882","post","type-post","status-publish","format-standard","has-post-thumbnail","hentry","category-policial"],"_links":{"self":[{"href":"https:\/\/www.radiopresidenteibanez.cl\/web\/wp-json\/wp\/v2\/posts\/3882","targetHints":{"allow":["GET"]}}],"collection":[{"href":"https:\/\/www.radiopresidenteibanez.cl\/web\/wp-json\/wp\/v2\/posts"}],"about":[{"href":"https:\/\/www.radiopresidenteibanez.cl\/web\/wp-json\/wp\/v2\/types\/post"}],"author":[{"embeddable":true,"href":"https:\/\/www.radiopresidenteibanez.cl\/web\/wp-json\/wp\/v2\/users\/2"}],"replies":[{"embeddable":true,"href":"https:\/\/www.radiopresidenteibanez.cl\/web\/wp-json\/wp\/v2\/comments?post=3882"}],"version-history":[{"count":0,"href":"https:\/\/www.radiopresidenteibanez.cl\/web\/wp-json\/wp\/v2\/posts\/3882\/revisions"}],"wp:featuredmedia":[{"embeddable":true,"href":"https:\/\/www.radiopresidenteibanez.cl\/web\/wp-json\/wp\/v2\/media\/3883"}],"wp:attachment":[{"href":"https:\/\/www.radiopresidenteibanez.cl\/web\/wp-json\/wp\/v2\/media?parent=3882"}],"wp:term":[{"taxonomy":"category","embeddable":true,"href":"https:\/\/www.radiopresidenteibanez.cl\/web\/wp-json\/wp\/v2\/categories?post=3882"},{"taxonomy":"post_tag","embeddable":true,"href":"https:\/\/www.radiopresidenteibanez.cl\/web\/wp-json\/wp\/v2\/tags?post=3882"}],"curies":[{"name":"wp","href":"https:\/\/api.w.org\/{rel}","templated":true}]}}