{"id":38798,"date":"2023-04-10T11:49:14","date_gmt":"2023-04-10T14:49:14","guid":{"rendered":"https:\/\/www.radiopresidenteibanez.cl\/web\/?p=38798"},"modified":"2023-04-10T11:49:22","modified_gmt":"2023-04-10T14:49:22","slug":"senador-kusanovic-se-reune-con-alcalde-y-concejales-de-laguna-blanca-para-coordinar-acciones-en-beneficio-de-la-comuna-y-sus-habitantes","status":"publish","type":"post","link":"https:\/\/www.radiopresidenteibanez.cl\/web\/senador-kusanovic-se-reune-con-alcalde-y-concejales-de-laguna-blanca-para-coordinar-acciones-en-beneficio-de-la-comuna-y-sus-habitantes\/","title":{"rendered":"SENADOR KUSANOVIC SE REUNE CON ALCALDE Y CONCEJALES DE LAGUNA BLANCA PARA COORDINAR ACCIONES EN BENEFICIO DE LA COMUNA Y SUS HABITANTES"},"content":{"rendered":"\n<p>Con el objeto de plantear estas tem\u00e1ticas en las distintas comisiones en las que<br>participa, el senador por Magallanes, Alejandro Kusanovic visit\u00f3 la comuna de<br>Laguna Blanca reuni\u00e9ndose con su alcalde, Fernando Ojeda y los concejales.<br>En la instancia, las autoridades manifestaron su preocupaci\u00f3n por la sequ\u00eda que<br>afecta la comuna de Laguna Blanca, por lo que motiv\u00f3 a decretar Estado de<br>Emergencia. Si bien, se han realizado diversas gestiones por parte del Municipio,<br>los ediles reclaman que un falta llegar a los directamente afectados.<br>En ese sentido, el senador Kusanovic plante\u00f3 diversas alternativas, entre ellas, la<br>adquisici\u00f3n de maquinarias para la realizaci\u00f3n de pozos que permita al municipio<br>apoyar a los habitantes que hoy tienen serios problemas de agua.<br>Otra de las dificultades que plantearon las autoridades locales, son los problemas<br>de conectividad terrestre con las ciudades de Punta Arenas y Puerto Natales. A<br>juicio del parlamentario \u201ces completamente injusto que los habitantes de Laguna<br>Blanca paguen el recorrido completo, aun cuando s\u00f3lo hacen uso de la mitad del<br>recorrido hasta Villa Tehuelche\u201d.<br>El senador Kusanovic se comprometi\u00f3 a abordar estos temas en las comisiones<br>que integra para que sean abordados por las autoridades competentes, dando<br>prioridad a las medidas que deben ser adoptadas para aminorar los efectos de la<br>sequia, especialmente a los que directamente hoy est\u00e1n mas afectados.<br>En la oportunidad, el alcalde Fernando Ojeda cat\u00e1logo de productiva la reuni\u00f3n<br>con el senador donde \u201cconversamos sobre las problem\u00e1ticas que tiene nuestra<br>comuna en materia de educaci\u00f3n, el transporte, la conectividad y la contingencia<br>que es la sequ\u00eda\u201d seg\u00fan manifest\u00f3 en la oportunidad, valorando la visita a la<br>comuna y que sean escuchados.<\/p>\n","protected":false},"excerpt":{"rendered":"<p>Con el objeto de plantear estas tem\u00e1ticas en las distintas comisiones en las queparticipa, el senador por Magallanes, Alejandro Kusanovic visit\u00f3 la comuna deLaguna Blanca reuni\u00e9ndose con su alcalde, Fernando&#8230; <a class=\"read-more\" href=\"https:\/\/www.radiopresidenteibanez.cl\/web\/senador-kusanovic-se-reune-con-alcalde-y-concejales-de-laguna-blanca-para-coordinar-acciones-en-beneficio-de-la-comuna-y-sus-habitantes\/\">Leer m\u00e1s<\/a><\/p>\n","protected":false},"author":2,"featured_media":38799,"comment_status":"closed","ping_status":"closed","sticky":false,"template":"","format":"standard","meta":{"footnotes":""},"categories":[1],"tags":[],"class_list":["post-38798","post","type-post","status-publish","format-standard","has-post-thumbnail","hentry","category-cronica"],"_links":{"self":[{"href":"https:\/\/www.radiopresidenteibanez.cl\/web\/wp-json\/wp\/v2\/posts\/38798","targetHints":{"allow":["GET"]}}],"collection":[{"href":"https:\/\/www.radiopresidenteibanez.cl\/web\/wp-json\/wp\/v2\/posts"}],"about":[{"href":"https:\/\/www.radiopresidenteibanez.cl\/web\/wp-json\/wp\/v2\/types\/post"}],"author":[{"embeddable":true,"href":"https:\/\/www.radiopresidenteibanez.cl\/web\/wp-json\/wp\/v2\/users\/2"}],"replies":[{"embeddable":true,"href":"https:\/\/www.radiopresidenteibanez.cl\/web\/wp-json\/wp\/v2\/comments?post=38798"}],"version-history":[{"count":0,"href":"https:\/\/www.radiopresidenteibanez.cl\/web\/wp-json\/wp\/v2\/posts\/38798\/revisions"}],"wp:featuredmedia":[{"embeddable":true,"href":"https:\/\/www.radiopresidenteibanez.cl\/web\/wp-json\/wp\/v2\/media\/38799"}],"wp:attachment":[{"href":"https:\/\/www.radiopresidenteibanez.cl\/web\/wp-json\/wp\/v2\/media?parent=38798"}],"wp:term":[{"taxonomy":"category","embeddable":true,"href":"https:\/\/www.radiopresidenteibanez.cl\/web\/wp-json\/wp\/v2\/categories?post=38798"},{"taxonomy":"post_tag","embeddable":true,"href":"https:\/\/www.radiopresidenteibanez.cl\/web\/wp-json\/wp\/v2\/tags?post=38798"}],"curies":[{"name":"wp","href":"https:\/\/api.w.org\/{rel}","templated":true}]}}