{"id":38776,"date":"2023-04-10T08:17:00","date_gmt":"2023-04-10T11:17:00","guid":{"rendered":"https:\/\/www.radiopresidenteibanez.cl\/web\/?p=38776"},"modified":"2023-04-10T08:08:17","modified_gmt":"2023-04-10T11:08:17","slug":"mano-firme-y-corazon-sereno","status":"publish","type":"post","link":"https:\/\/www.radiopresidenteibanez.cl\/web\/mano-firme-y-corazon-sereno\/","title":{"rendered":"MANO FIRME Y CORAZ\u00d3N SERENO"},"content":{"rendered":"\n<p>Amigos y amigas. Esta semana nuevamente la agenda de seguridad hace pasar a segundo<br>plano, cualquiera otra materia del tapete p\u00fablico. No es para menos, en momentos en que se<br>consegu\u00eda un trabajado acuerdo para aprobar, con modificaciones, el proyecto de ley Nain-<br>Retamal, sobreviene un nuevo crimen, que cuesta la vida a un carabinero. Se trata del cabo<br>primero Daniel Palma, quien en medio de un procedimiento realizado la noche del mi\u00e9rcoles en<br>el centro de Santiago, recibi\u00f3 un disparo en la cabeza. Es el tercer carabinero fallecido en un<br>lapso de 23 d\u00edas. Como era de esperarse los medios, transmiten 24\/7, todos los pormenores, sin<br>pudor ni prudencia alguna. Explotando con fines de rating, el justo dolor de las familias<br>afectadas. Tampoco se hizo esperar, el coro de pol\u00edticos populistas, que trataban de ganar<br>c\u00e1maras, con anuncios disparatados. Los hubo incluso, que, en medio de la indignaci\u00f3n de la<br>familia institucional, se mostraron sonrientes, sac\u00e1ndose selfies, como si se tratara de un<br>carnaval o una celebraci\u00f3n. Afortunadamente, el ejecutivo no sucumbi\u00f3 a la fiebre medi\u00e1tica, y<br>opt\u00f3 por dar una se\u00f1al de estado. Al responso f\u00fanebre, efectuado en la iglesia institucional, la<br>tarde del jueves, concurri\u00f3 el presidente Boric, acompa\u00f1ado por la ex presidenta Michelle<br>Bachelet, y los ex presidentes, Ricardo Lagos y Sebasti\u00e1n Pi\u00f1era.<br>Las medidas adoptadas por el gobierno para fortalecer el combate al crimen organizado,<br>incluyen el respaldo de las coaliciones de gobierno, a la aprobaci\u00f3n de la Ley Nain-Retamal, con<br>modificaciones. Lo que constituye por una parte una se\u00f1al de autoridad del ejecutivo, y por otra una<br>se\u00f1al de responsabilidad de las fuerzas pol\u00edticas que sustentan el gobierno. Asimismo, el presidente<br>junto a la ministra del interior, el ministro de hacienda, los jefes de ambas polic\u00edas, y el director de la<br>ANI, anunci\u00f3 la implementaci\u00f3n de un plan desarrollado por interior, en dialogo con las fuerzas<br>policiales, y los municipios, denominado \u201cPlan Calle sin Violencia\u201d. A trav\u00e9s de este plan se va a<br>fortalecer la capacidad operativa e investigativa de las polic\u00edas y fiscal\u00edas. El fortalecimiento de las<br>competencias de Gendarmer\u00eda de Chile, la creaci\u00f3n del delito de extorsi\u00f3n y el endurecimiento de penas<br>para el delito de secuestro. El plan tendr\u00e1 su foco en comunas que representan un tercio de la poblaci\u00f3n<br>nacional y que concentran el 50% de los delitos violentos. Tambi\u00e9n se dispondr\u00e1 de recursos destinados<br>a \u00e1reas verdes, espacios de deporte y espacios educativos. Para el financiamiento de estas y otras<br>acciones, el gobierno ha dispuesto de un fondo de US$ 1.500 millones anuales en r\u00e9gimen los que,<br>sumados a los recursos del Presupuesto 2023, involucrar\u00e1n un incremento del 40% real del presupuesto<br>p\u00fablico asignado a funciones de seguridad. El fondo de recursos adicionales, se financiar\u00e1 con fondos de<br>emergencia del tesoro p\u00fablico, no habr\u00e1 reasignaciones, ni se emplear\u00e1n fondos destinados a otros<br>fines. Estas medidas permitir\u00e1n la focalizaci\u00f3n de la persecuci\u00f3n para poder esclarecer los homicidios y<br>delitos asociados, reforzando la acci\u00f3n investigativa especialmente donde existe tr\u00e1fico de armas. En<br>cuanto a reforzamiento de la acci\u00f3n polic\u00edaca: A la renovaci\u00f3n del parque vehicular que ya est\u00e1 en curso,<br>se intensificar\u00e1 la fiscalizaci\u00f3n de control de armas y aumento de patrullajes. Habr\u00e1 dotaci\u00f3n adicional<br>en Carabineros para estas tareas, liberando personal de tareas administrativas. Asimismo, se dispondr\u00e1<br>un programa especial para el reforzamiento de los equipamientos de protecci\u00f3n personal de<br>Carabineros y la PDI.<br>Con toda esta bater\u00eda de medidas legales, administrativas, recursos adicionales, y la puesta en<br>marcha del Plan \u201cCalle si violencia\u201d, los organismos especializados en el combate a la delincuencia,<\/p>\n\n\n\n<p>estar\u00e1n efectivamente dotados de mayores recursos, para realizar su labor. Sin embargo, el riesgo al que<br>se encuentran expuestos, continuar\u00e1 presente. El conjunto de medidas dispuestas por el gobierno, y la<br>entrada en vigencia de normativa, que tipifica nuevos tipos penales, surtir\u00e1 efecto en el mediano plazo.<br>En lo inmediato, se requiere de medidas que dependen \u00fanicamente del alto mando institucional.<br>Expertos de seguridad y del mundo acad\u00e9mico han advertido de las necesidades de capacitaci\u00f3n, y<br>mejoras de protocolos de actuaci\u00f3n. Es la labor propia de la competencia de los organismos de orden y<br>seguridad, y deben contar no s\u00f3lo con los recursos materiales y t\u00e9cnicos, que el estado les provee, sino<br>de los niveles adecuados de formaci\u00f3n y preparaci\u00f3n. En el intertanto, el llamado que ha hecho el<br>presidente es a enfrentar, como un tema de estado, el tema de seguridad, y no intentar sacar r\u00e9ditos<br>pol\u00edticos.<br>En este escenario de dolor y leg\u00edtima indignaci\u00f3n, de gran parte del pa\u00eds, conmovida con estos<br>cruentos hechos de sangre, tenemos que sacar adelante la tarea constituyente. A estas alturas es un<br>verdadero desaf\u00edo, teniendo en cuenta los transversales reportes, que hablan de un tedio o desinter\u00e9s<br>ciudadano. El hecho cierto es que el domingo 7 de mayo, volveremos a las urnas, para elegir al consejo<br>constituyente, \u00f3rgano encargado de redactar nuestra nueva carta fundamental. Abierto el per\u00edodo de<br>campa\u00f1a electoral, y franja televisiva, cada quien puede apreciar, las propuestas, ideas, o la ausencia de<br>ellas, de cada uno de los conglomerados que sustentan listas al consejo. Salta a la vista que, en la<br>propaganda de la oposici\u00f3n, se centran m\u00e1s bien, en el resultado del plebiscito pasado, que en las<br>propuestas que impulsar\u00e1n en este nuevo proceso. La raz\u00f3n podr\u00eda estar, en que un sector no<br>despreciable de ese sector, que impuls\u00f3 al candidato presidencial Kast, no est\u00e1 de acuerdo con una<br>nueva constituci\u00f3n. La defensa del estatus quo de la constituci\u00f3n del 80\u2019, se traduce en ideas como el<br>estado subsidiario, la defensa de la salud privada y de la capitalizaci\u00f3n individual. Adem\u00e1s de otras ideas,<br>no menos conocidas, como reducir el estado, y la carga de impuestos. Es dif\u00edcil que la decisi\u00f3n de esta<br>elecci\u00f3n, se haga en base a discusi\u00f3n de ideas y propuestas. La obsesi\u00f3n opositora con golpear al<br>presidente, les tienta a enfrentar esta votaci\u00f3n como un plebiscito al gobierno. Nada nuevo bajo el sol.<br>Subidos en la ola populista, estrujando cada hecho criminal, toda una pl\u00e9yade de alcaldes, alcaldesas,<br>actuales parlamentarios, y el ex candidato presidencial de su sector, ya se ven terci\u00e1ndose la banda. En<br>una escena que ya hemos visto varias veces, en los \u00faltimos 20 a\u00f1os, se ha iniciado la disputa presidencial<br>en la derecha. Es desafortunado para Chile, que cuando enfrentamos la tarea m\u00e1s trascendental de<br>nuestra democracia, las rencillas de una tribu, se tomen todos los espacios. No nos confundamos,<br>aplaudo la competencia, abierta, transparente, sin zancadillas ni cortapisas. Pero cuando y donde<br>corresponde.<br>Esperemos que los d\u00edas que vienen, los \u00e1nimos mejoren. La animadversi\u00f3n personal, no<br>es buena consejera en pol\u00edtica, y las tareas que tenemos entre manos como pa\u00eds, demandan,<br>como tantas veces he dicho, altruismo, altura de miras, pensar en el bien de los otros, en el<br>bien de Chile. Al presidente Boric, mano firme y coraz\u00f3n sereno.<br>Ernesto Sep\u00falveda Tornero<\/p>\n","protected":false},"excerpt":{"rendered":"<p>Amigos y amigas. Esta semana nuevamente la agenda de seguridad hace pasar a segundoplano, cualquiera otra materia del tapete p\u00fablico. No es para menos, en momentos en que seconsegu\u00eda un&#8230; <a class=\"read-more\" href=\"https:\/\/www.radiopresidenteibanez.cl\/web\/mano-firme-y-corazon-sereno\/\">Leer m\u00e1s<\/a><\/p>\n","protected":false},"author":2,"featured_media":38777,"comment_status":"closed","ping_status":"closed","sticky":false,"template":"","format":"standard","meta":{"footnotes":""},"categories":[1],"tags":[],"class_list":["post-38776","post","type-post","status-publish","format-standard","has-post-thumbnail","hentry","category-cronica"],"_links":{"self":[{"href":"https:\/\/www.radiopresidenteibanez.cl\/web\/wp-json\/wp\/v2\/posts\/38776","targetHints":{"allow":["GET"]}}],"collection":[{"href":"https:\/\/www.radiopresidenteibanez.cl\/web\/wp-json\/wp\/v2\/posts"}],"about":[{"href":"https:\/\/www.radiopresidenteibanez.cl\/web\/wp-json\/wp\/v2\/types\/post"}],"author":[{"embeddable":true,"href":"https:\/\/www.radiopresidenteibanez.cl\/web\/wp-json\/wp\/v2\/users\/2"}],"replies":[{"embeddable":true,"href":"https:\/\/www.radiopresidenteibanez.cl\/web\/wp-json\/wp\/v2\/comments?post=38776"}],"version-history":[{"count":0,"href":"https:\/\/www.radiopresidenteibanez.cl\/web\/wp-json\/wp\/v2\/posts\/38776\/revisions"}],"wp:featuredmedia":[{"embeddable":true,"href":"https:\/\/www.radiopresidenteibanez.cl\/web\/wp-json\/wp\/v2\/media\/38777"}],"wp:attachment":[{"href":"https:\/\/www.radiopresidenteibanez.cl\/web\/wp-json\/wp\/v2\/media?parent=38776"}],"wp:term":[{"taxonomy":"category","embeddable":true,"href":"https:\/\/www.radiopresidenteibanez.cl\/web\/wp-json\/wp\/v2\/categories?post=38776"},{"taxonomy":"post_tag","embeddable":true,"href":"https:\/\/www.radiopresidenteibanez.cl\/web\/wp-json\/wp\/v2\/tags?post=38776"}],"curies":[{"name":"wp","href":"https:\/\/api.w.org\/{rel}","templated":true}]}}