{"id":3873,"date":"2019-05-02T23:53:51","date_gmt":"2019-05-02T23:53:51","guid":{"rendered":"http:\/\/www.radiopresidenteibanez.cl\/web\/?p=3873"},"modified":"2019-05-02T23:54:35","modified_gmt":"2019-05-02T23:54:35","slug":"base-aerea-antartica-presidente-eduardo-frei-montalva-traslado-a-paciente-chino-desde-la-estacion-antartica-brasilena-a-la-base-antartica-china","status":"publish","type":"post","link":"https:\/\/www.radiopresidenteibanez.cl\/web\/base-aerea-antartica-presidente-eduardo-frei-montalva-traslado-a-paciente-chino-desde-la-estacion-antartica-brasilena-a-la-base-antartica-china\/","title":{"rendered":"BASE A\u00c9REA ANT\u00c1RTICA PRESIDENTE EDUARDO FREI MONTALVA, TRASLAD\u00d3 A PACIENTE CHINO DESDE LA ESTACI\u00d3N ANT\u00c1RTICA BRASILE\u00d1A A LA BASE ANT\u00c1RTICA CHINA."},"content":{"rendered":"\n<p>El d\u00eda 30\nde abril reci\u00e9n pasado y en el marco de los acuerdos de cooperaci\u00f3n mutua\nexistentes entre las bases ant\u00e1rticas que tienen presencia en el continente\nblanco, la Base A\u00e9rea Ant\u00e1rtica Presidente Eduardo Frei Montalva, realiz\u00f3 la evacuaci\u00f3n\naerom\u00e9dica de un paciente de nacionalidad china, desde la estaci\u00f3n ant\u00e1rtica\nbrasile\u00f1a Comandante Ferraz a la base ant\u00e1rtica China, Great Wall.<\/p>\n\n\n\n<p>El paciente, diagnosticado como diab\u00e9tico, presentaba al momento del traslado a\u00e9reo, un cuadro de neumon\u00eda que requer\u00eda de un inmediato traslado hasta la base china, lo que fue posible a bordo de una aeronave Bell-412 asentada en dicho territorio.<\/p>\n\n\n\n<figure class=\"wp-block-image\"><img loading=\"lazy\" decoding=\"async\" width=\"1024\" height=\"768\" src=\"https:\/\/www.radiopresidenteibanez.cl\/web\/wp-content\/uploads\/2019\/05\/2-1024x768.jpeg\" alt=\"\" class=\"wp-image-3874\" srcset=\"https:\/\/www.radiopresidenteibanez.cl\/web\/wp-content\/uploads\/2019\/05\/2-1024x768.jpeg 1024w, https:\/\/www.radiopresidenteibanez.cl\/web\/wp-content\/uploads\/2019\/05\/2-300x225.jpeg 300w, https:\/\/www.radiopresidenteibanez.cl\/web\/wp-content\/uploads\/2019\/05\/2-768x576.jpeg 768w, https:\/\/www.radiopresidenteibanez.cl\/web\/wp-content\/uploads\/2019\/05\/2.jpeg 1280w\" sizes=\"auto, (max-width: 1024px) 100vw, 1024px\" \/><\/figure>\n","protected":false},"excerpt":{"rendered":"<p>El d\u00eda 30 de abril reci\u00e9n pasado y en el marco de los acuerdos de cooperaci\u00f3n mutua existentes entre las bases ant\u00e1rticas que tienen presencia en el continente blanco, la&#8230; <a class=\"read-more\" href=\"https:\/\/www.radiopresidenteibanez.cl\/web\/base-aerea-antartica-presidente-eduardo-frei-montalva-traslado-a-paciente-chino-desde-la-estacion-antartica-brasilena-a-la-base-antartica-china\/\">Leer m\u00e1s<\/a><\/p>\n","protected":false},"author":2,"featured_media":3874,"comment_status":"closed","ping_status":"closed","sticky":false,"template":"","format":"standard","meta":{"footnotes":""},"categories":[1],"tags":[],"class_list":["post-3873","post","type-post","status-publish","format-standard","has-post-thumbnail","hentry","category-cronica"],"_links":{"self":[{"href":"https:\/\/www.radiopresidenteibanez.cl\/web\/wp-json\/wp\/v2\/posts\/3873","targetHints":{"allow":["GET"]}}],"collection":[{"href":"https:\/\/www.radiopresidenteibanez.cl\/web\/wp-json\/wp\/v2\/posts"}],"about":[{"href":"https:\/\/www.radiopresidenteibanez.cl\/web\/wp-json\/wp\/v2\/types\/post"}],"author":[{"embeddable":true,"href":"https:\/\/www.radiopresidenteibanez.cl\/web\/wp-json\/wp\/v2\/users\/2"}],"replies":[{"embeddable":true,"href":"https:\/\/www.radiopresidenteibanez.cl\/web\/wp-json\/wp\/v2\/comments?post=3873"}],"version-history":[{"count":0,"href":"https:\/\/www.radiopresidenteibanez.cl\/web\/wp-json\/wp\/v2\/posts\/3873\/revisions"}],"wp:featuredmedia":[{"embeddable":true,"href":"https:\/\/www.radiopresidenteibanez.cl\/web\/wp-json\/wp\/v2\/media\/3874"}],"wp:attachment":[{"href":"https:\/\/www.radiopresidenteibanez.cl\/web\/wp-json\/wp\/v2\/media?parent=3873"}],"wp:term":[{"taxonomy":"category","embeddable":true,"href":"https:\/\/www.radiopresidenteibanez.cl\/web\/wp-json\/wp\/v2\/categories?post=3873"},{"taxonomy":"post_tag","embeddable":true,"href":"https:\/\/www.radiopresidenteibanez.cl\/web\/wp-json\/wp\/v2\/tags?post=3873"}],"curies":[{"name":"wp","href":"https:\/\/api.w.org\/{rel}","templated":true}]}}