{"id":38696,"date":"2023-04-04T18:50:00","date_gmt":"2023-04-04T21:50:00","guid":{"rendered":"https:\/\/www.radiopresidenteibanez.cl\/web\/?p=38696"},"modified":"2023-04-04T16:08:46","modified_gmt":"2023-04-04T19:08:46","slug":"programa-de-prevencion-de-drogas-en-el-ambito-escolar-ahora-se-realiza-en-plataforma-digital","status":"publish","type":"post","link":"https:\/\/www.radiopresidenteibanez.cl\/web\/programa-de-prevencion-de-drogas-en-el-ambito-escolar-ahora-se-realiza-en-plataforma-digital\/","title":{"rendered":"PROGRAMA DE PREVENCION DE DROGAS EN EL AMBITO ESCOLAR AHORA SE REALIZA EN PLATAFORMA DIGITAL"},"content":{"rendered":"\n<p>En la l\u00f3gica de la descentralizaci\u00f3n, este a\u00f1o, la presentaci\u00f3n del programa de prevenci\u00f3n del consumo de alcohol y otras drogas de Senda se realiz\u00f3 en la comuna de R\u00edo Verde, con la presencia de estudiantes, la encargada del establecimiento educacional, Verenise Bravo, de la alcaldesa Sabina Ballesteros Vargas y la directora regional de Senda, Lorena Guala Vivar.<\/p>\n\n\n\n<p>Hasta la comuna rural, que se ubica aproximadamente 90 kms. al noroeste de Punta Arenas, a orillas del Seno Skyring, enmarcado por el canal Fitz Roy y el Seno Otway, lleg\u00f3 la directora regional del Servicio Nacional para la Prevenci\u00f3n y Rehabilitaci\u00f3n de Drogas y Alcohol, Senda, para realizar la presentaci\u00f3n del Programa \u201cContinuo Preventivo\u201d.<\/p>\n\n\n\n<p>El objetivo de esta estrategia es el desarrollo de competencias sociales preventivas para fortalecer los factores protectores y disminuir la influencia de factores de riesgo asociados al consumo de sustancias.<\/p>\n\n\n\n<p>Lorena Guala Vivar, directora de Senda, se\u00f1al\u00f3 que <em>\u201cEl Continuo Preventivo Online y OFFline es <strong>una de las mayores modernizaciones de los programas de prevenci\u00f3n universal<\/strong> en los \u00faltimos a\u00f1os y una gran oportunidad para trabajar de forma innovadora en la formaci\u00f3n y prevenci\u00f3n del uso de sustancias.\u201d<\/em><\/p>\n\n\n\n<p>Se trata de ofrecer la posibilidad de acceso a esta plataforma digital para todos los y las estudiantes; en l\u00ednea para quienes tienen acceso a internet, pero cuando hay dificultades de conexi\u00f3n existe la posibilidad OFF line, que permite contar con toda la plataforma que se entrega en pendrive.<\/p>\n\n\n\n<p>A\u00f1adi\u00f3 Guala, que se ofrece m\u00e1s de 100 videos e interactivos dise\u00f1ados en un <strong>formato y lenguaje cercano<\/strong> para ni\u00f1os, ni\u00f1as y adolescentes, con recursos did\u00e1cticos pensados para <strong>fortalecer las habilidades y formaci\u00f3n<\/strong> de los y las estudiantes en temas relacionados con la prevenci\u00f3n del consumo de alcohol y otras drogas.<\/p>\n\n\n\n<p>Sabina Ballesteros Vargas, alcaldesa de R\u00edo Verde, destac\u00f3 que se pueda acceder al programa sin conexi\u00f3n a internet, pues esto, favorece sobre todo a estudiantes que est\u00e1n en comunas como R\u00edo Verde, que habitualmente presentan alguna dificultad con la conectividad.<\/p>\n\n\n\n<p>Hasta 2021, el programa Continuo Preventivo se implementaba a trav\u00e9s de talleres presenciales con material en papel educativo, actividades l\u00fadicas y pr\u00e1cticas. Los programas eran aplicados a trav\u00e9s de manuales para docentes y cuadernillos para estudiantes, desde la educaci\u00f3n parvularia hasta cuarto a\u00f1o de ense\u00f1anza media.<\/p>\n\n\n\n<p>El COVID-19, el aumento del uso de dispositivos electr\u00f3nicos en la vida diaria y la facilidad&nbsp; e inter\u00e9s<\/p>\n\n\n\n<p>de NNAJ para el manejo de plataformas virtuales llevaron a SENDA a avanzar hacia una modalidad online que oriente los esfuerzos al fortalecimiento de factores protectores del consumo de sustancias en el largo plazo y convierta el ejercicio de la prevenci\u00f3n en algo cotidiano y \u201ca la mano\u201d. De esta forma, impuls\u00f3 el desarrollo de la plataforma Continuo Preventivo Online (<a href=\"https:\/\/continuopreventivo.senda.gob.cl\/\">https:\/\/continuopreventivo.senda.gob.cl\/<\/a>).<\/p>\n","protected":false},"excerpt":{"rendered":"<p>En la l\u00f3gica de la descentralizaci\u00f3n, este a\u00f1o, la presentaci\u00f3n del programa de prevenci\u00f3n del consumo de alcohol y otras drogas de Senda se realiz\u00f3 en la comuna de R\u00edo&#8230; <a class=\"read-more\" href=\"https:\/\/www.radiopresidenteibanez.cl\/web\/programa-de-prevencion-de-drogas-en-el-ambito-escolar-ahora-se-realiza-en-plataforma-digital\/\">Leer m\u00e1s<\/a><\/p>\n","protected":false},"author":2,"featured_media":38697,"comment_status":"closed","ping_status":"closed","sticky":false,"template":"","format":"standard","meta":{"footnotes":""},"categories":[1],"tags":[],"class_list":["post-38696","post","type-post","status-publish","format-standard","has-post-thumbnail","hentry","category-cronica"],"_links":{"self":[{"href":"https:\/\/www.radiopresidenteibanez.cl\/web\/wp-json\/wp\/v2\/posts\/38696","targetHints":{"allow":["GET"]}}],"collection":[{"href":"https:\/\/www.radiopresidenteibanez.cl\/web\/wp-json\/wp\/v2\/posts"}],"about":[{"href":"https:\/\/www.radiopresidenteibanez.cl\/web\/wp-json\/wp\/v2\/types\/post"}],"author":[{"embeddable":true,"href":"https:\/\/www.radiopresidenteibanez.cl\/web\/wp-json\/wp\/v2\/users\/2"}],"replies":[{"embeddable":true,"href":"https:\/\/www.radiopresidenteibanez.cl\/web\/wp-json\/wp\/v2\/comments?post=38696"}],"version-history":[{"count":0,"href":"https:\/\/www.radiopresidenteibanez.cl\/web\/wp-json\/wp\/v2\/posts\/38696\/revisions"}],"wp:featuredmedia":[{"embeddable":true,"href":"https:\/\/www.radiopresidenteibanez.cl\/web\/wp-json\/wp\/v2\/media\/38697"}],"wp:attachment":[{"href":"https:\/\/www.radiopresidenteibanez.cl\/web\/wp-json\/wp\/v2\/media?parent=38696"}],"wp:term":[{"taxonomy":"category","embeddable":true,"href":"https:\/\/www.radiopresidenteibanez.cl\/web\/wp-json\/wp\/v2\/categories?post=38696"},{"taxonomy":"post_tag","embeddable":true,"href":"https:\/\/www.radiopresidenteibanez.cl\/web\/wp-json\/wp\/v2\/tags?post=38696"}],"curies":[{"name":"wp","href":"https:\/\/api.w.org\/{rel}","templated":true}]}}