{"id":38693,"date":"2023-04-04T17:57:00","date_gmt":"2023-04-04T20:57:00","guid":{"rendered":"https:\/\/www.radiopresidenteibanez.cl\/web\/?p=38693"},"modified":"2023-04-04T16:00:38","modified_gmt":"2023-04-04T19:00:38","slug":"comision-de-coordinacion-del-sistema-de-justicia-penal-de-magallanes-conoce-a-fondo-la-fiscalia-de-flagrancia","status":"publish","type":"post","link":"https:\/\/www.radiopresidenteibanez.cl\/web\/comision-de-coordinacion-del-sistema-de-justicia-penal-de-magallanes-conoce-a-fondo-la-fiscalia-de-flagrancia\/","title":{"rendered":"COMISI\u00d3N DE COORDINACI\u00d3N DEL SISTEMA DE JUSTICIA PENAL DE MAGALLANES CONOCE A FONDO LA FISCAL\u00cdA DE FLAGRANCIA"},"content":{"rendered":"\n<p>El Fiscal Regional (S) de Magallanes y de la Ant\u00e1rtica Chilena, Manuel Soto Basauren, expuso hoy ante los miembros de la Comisi\u00f3n de Coordinaci\u00f3n del Sistema de Justicia Penal de Magallanes la labor y funcionamiento de la nueva Fiscal\u00eda de Flagrancia.&nbsp;<\/p>\n\n\n\n<p>En la oportunidad, el Fiscal Soto explic\u00f3 que esta iniciativa pionera, de la cual Magallanes forma parte desde noviembre del a\u00f1o pasado, ha permitido innovar, agilizar procesos, optimizar recursos y entregar respuestas est\u00e1ndares a la ciudadan\u00eda, teniendo una mirada m\u00e1s global de los delitos e informaci\u00f3n en l\u00ednea para los equipos de Primeras Diligencias y Flagrancia.<\/p>\n\n\n\n<p>Se trata de un acuerdo interregional, entre las Fiscal\u00edas Regionales de Magallanes, Occidente y Arica-Parinacota, compuesto de un equipo funcionarios y fiscales coordinados en turnos 24\/7 con ambas polic\u00edas, quienes trabajan en base a un formato en l\u00ednea compartido, llamado Bit\u00e1cora Web, conociendo los hechos delictuales de las zonas e instruyendo, tanto a Carabineros, como a la PDI,Armada y Gendarmer\u00eda, las primeras diligencias investigativas en casos en flagrancia.<\/p>\n\n\n\n<p>Cabe indicar que la actividad, realizada presencialmente en el Sal\u00f3n de Reuniones de la I. Corte de Apelaciones de Punta Arenas, surge fruto de un compromiso adquirido por la Fiscal\u00eda, ante la Comisi\u00f3n, presidida por la Seremi de Justicia y Derechos Humanos, Michelle Peutat, en enero pasado.<\/p>\n","protected":false},"excerpt":{"rendered":"<p>El Fiscal Regional (S) de Magallanes y de la Ant\u00e1rtica Chilena, Manuel Soto Basauren, expuso hoy ante los miembros de la Comisi\u00f3n de Coordinaci\u00f3n del Sistema de Justicia Penal de&#8230; <a class=\"read-more\" href=\"https:\/\/www.radiopresidenteibanez.cl\/web\/comision-de-coordinacion-del-sistema-de-justicia-penal-de-magallanes-conoce-a-fondo-la-fiscalia-de-flagrancia\/\">Leer m\u00e1s<\/a><\/p>\n","protected":false},"author":2,"featured_media":38694,"comment_status":"closed","ping_status":"closed","sticky":false,"template":"","format":"standard","meta":{"footnotes":""},"categories":[1],"tags":[],"class_list":["post-38693","post","type-post","status-publish","format-standard","has-post-thumbnail","hentry","category-cronica"],"_links":{"self":[{"href":"https:\/\/www.radiopresidenteibanez.cl\/web\/wp-json\/wp\/v2\/posts\/38693","targetHints":{"allow":["GET"]}}],"collection":[{"href":"https:\/\/www.radiopresidenteibanez.cl\/web\/wp-json\/wp\/v2\/posts"}],"about":[{"href":"https:\/\/www.radiopresidenteibanez.cl\/web\/wp-json\/wp\/v2\/types\/post"}],"author":[{"embeddable":true,"href":"https:\/\/www.radiopresidenteibanez.cl\/web\/wp-json\/wp\/v2\/users\/2"}],"replies":[{"embeddable":true,"href":"https:\/\/www.radiopresidenteibanez.cl\/web\/wp-json\/wp\/v2\/comments?post=38693"}],"version-history":[{"count":0,"href":"https:\/\/www.radiopresidenteibanez.cl\/web\/wp-json\/wp\/v2\/posts\/38693\/revisions"}],"wp:featuredmedia":[{"embeddable":true,"href":"https:\/\/www.radiopresidenteibanez.cl\/web\/wp-json\/wp\/v2\/media\/38694"}],"wp:attachment":[{"href":"https:\/\/www.radiopresidenteibanez.cl\/web\/wp-json\/wp\/v2\/media?parent=38693"}],"wp:term":[{"taxonomy":"category","embeddable":true,"href":"https:\/\/www.radiopresidenteibanez.cl\/web\/wp-json\/wp\/v2\/categories?post=38693"},{"taxonomy":"post_tag","embeddable":true,"href":"https:\/\/www.radiopresidenteibanez.cl\/web\/wp-json\/wp\/v2\/tags?post=38693"}],"curies":[{"name":"wp","href":"https:\/\/api.w.org\/{rel}","templated":true}]}}